{"id":1630,"date":"2026-08-29T12:16:05","date_gmt":"2026-08-29T12:16:05","guid":{"rendered":"https:\/\/ultima-ora.com\/?p=1630"},"modified":"2026-08-29T12:16:05","modified_gmt":"2026-08-29T12:16:05","slug":"partita-a-tema-e-lavoro-tattico","status":"publish","type":"post","link":"https:\/\/ultima-ora.com\/?p=1630","title":{"rendered":"PARTITA A TEMA E LAVORO TATTICO"},"content":{"rendered":"<p>La compagine rossobl\u00f9 ha sostenuto una sessione di allenamento mattutina presso il &#8216;Galli&#8217; di Casteldebole, in preparazione dell&#8217;impegno contro l&#8217;Atalanta, che andr\u00e0 in scena a Bergamo luned\u00ec sera. Dopo un&#8217;iniziale fase di attivazione atletica, il gruppo si \u00e8 focalizzato su una partita a tema e su esercitazioni tattiche. Oussama El Azzouzi ha svolto ancora un allenamento differenziato.<br \/>\nDomenica sar\u00e0 la giornata di vigilia e, oltre alla sessione di rifinitura, alle 12, \u00e8 prevista la conferenza stampa di mister Domenico Tedesco.<br \/>\n 260Altri Sport 299Brevi Sport<\/p>\n","protected":false},"excerpt":{"rendered":"<p>La compagine rossobl\u00f9 ha sostenuto una sessione di allenamento mattutina presso il &#8216;Galli&#8217; di Casteldebole, in preparazione dell&#8217;impegno contro l&#8217;Atalanta, che andr\u00e0 in scena a Bergamo luned\u00ec sera. Dopo un&#8217;iniziale fase di attivazione atletica, il gruppo si \u00e8 focalizzato su una partita a tema e su esercitazioni tattiche. Oussama El Azzouzi ha svolto ancora un [&hellip;]<\/p>\n","protected":false},"author":2,"featured_media":0,"comment_status":"closed","ping_status":"open","sticky":false,"template":"","format":"standard","meta":{"_jetpack_newsletter_access":"","_jetpack_dont_email_post_to_subs":false,"_jetpack_newsletter_tier_id":0,"_jetpack_memberships_contains_paywalled_content":false,"fifu_image_url":"","fifu_image_alt":"","_jetpack_feature_clip_id":0,"_jetpack_memberships_contains_paid_content":false,"footnotes":"","jetpack_publicize_message":"","jetpack_publicize_feature_enabled":true,"jetpack_social_post_already_shared":true,"jetpack_social_options":{"image_generator_settings":{"template":"highway","default_image_id":0,"font":"","enabled":false},"version":2},"jetpack_post_was_ever_published":false},"categories":[8],"tags":[9],"class_list":["post-1630","post","type-post","status-publish","format-standard","hentry","category-notizie-di-calcio","tag-calcio"],"jetpack_publicize_connections":[],"jetpack_sharing_enabled":true,"jetpack_likes_enabled":true,"jetpack_featured_media_url":"","_links":{"self":[{"href":"https:\/\/ultima-ora.com\/index.php?rest_route=\/wp\/v2\/posts\/1630","targetHints":{"allow":["GET"]}}],"collection":[{"href":"https:\/\/ultima-ora.com\/index.php?rest_route=\/wp\/v2\/posts"}],"about":[{"href":"https:\/\/ultima-ora.com\/index.php?rest_route=\/wp\/v2\/types\/post"}],"author":[{"embeddable":true,"href":"https:\/\/ultima-ora.com\/index.php?rest_route=\/wp\/v2\/users\/2"}],"replies":[{"embeddable":true,"href":"https:\/\/ultima-ora.com\/index.php?rest_route=%2Fwp%2Fv2%2Fcomments&post=1630"}],"version-history":[{"count":0,"href":"https:\/\/ultima-ora.com\/index.php?rest_route=\/wp\/v2\/posts\/1630\/revisions"}],"wp:attachment":[{"href":"https:\/\/ultima-ora.com\/index.php?rest_route=%2Fwp%2Fv2%2Fmedia&parent=1630"}],"wp:term":[{"taxonomy":"category","embeddable":true,"href":"https:\/\/ultima-ora.com\/index.php?rest_route=%2Fwp%2Fv2%2Fcategories&post=1630"},{"taxonomy":"post_tag","embeddable":true,"href":"https:\/\/ultima-ora.com\/index.php?rest_route=%2Fwp%2Fv2%2Ftags&post=1630"}],"curies":[{"name":"wp","href":"https:\/\/api.w.org\/{rel}","templated":true}]}}