{"id":1640,"date":"2026-08-29T13:06:07","date_gmt":"2026-08-29T13:06:07","guid":{"rendered":"https:\/\/ultima-ora.com\/?p=1640"},"modified":"2026-08-29T13:06:07","modified_gmt":"2026-08-29T13:06:07","slug":"telecomunicazioni-la-regione-sardegna-rafforza-gli-interventi-con-ulteriori-3-milioni","status":"publish","type":"post","link":"https:\/\/ultima-ora.com\/?p=1640","title":{"rendered":"Telecomunicazioni, la Regione Sardegna rafforza gli interventi con ulteriori 3 milioni"},"content":{"rendered":"<p>CAGLIARI Ultima Ora \/ IPA \u2013 Le problematiche relative alla mancanza di copertura mobile segnalate da ultimo dal sindaco di Bari Sardo per alcuni tratti della Strada Statale 125 e, in particolare, all\u2019interno delle gallerie della principale direttrice della costa orientale, riportano all\u2019attenzione un tema che interessa ancora diverse aree della Sardegna: la presenza di zone nelle quali il segnale telefonico \u00e8 assente o insufficiente, con evidenti ripercussioni sulla sicurezza, sull\u2019accessibilit\u00e0 dei servizi e sulla qualit\u00e0 della vita di cittadini e visitatori. Si tratta di una criticit\u00e0 che la Regione Sardegna aveva gi\u00e0 individuato e affrontato attraverso una specifica misura di sostegno agli enti locali. Con la legge regionale n. 24 del 2025, \u00e8 stato finanziato il primo milione di euro destinato alla concessione di contributi ai Comuni per la realizzazione di infrastrutture abilitanti, aeree o sotterranee, finalizzate a rendere disponibile il segnale telefonico nelle aree che ne risultano prive.<br \/>\nL\u2019intervento, attuato dalla Direzione generale dell\u2019Innovazione dell\u2019Assessorato agli Affari generali, ha consentito di finanziare nove Comuni per un importo complessivo di circa 900 mila euro, attivando investimenti per oltre 1,08 milioni di euro grazie al concorso delle risorse comunali. Attualmente gli interventi risultano nella fase di realizzazione da parte degli enti beneficiari e la Regione ha gi\u00e0 provveduto all\u2019erogazione del 50 per cento dei contributi concessi, per lavori che dovranno essere conclusi entro il 2027.<br \/>\n\u201cLe segnalazioni provenienti dai territori confermano che il tema delle telecomunicazioni e della copertura mobile rappresenta ancora una delle principali sfide infrastrutturali per molte comunit\u00e0 della Sardegna. La disponibilit\u00e0 del segnale telefonico non riguarda soltanto la possibilit\u00e0 di effettuare chiamate o utilizzare servizi digitali, ma incide direttamente sulla sicurezza delle persone, sulla tempestivit\u00e0 delle comunicazioni di emergenza, sulla competitivit\u00e0 delle attivit\u00e0 economiche e sulla capacit\u00e0 dei territori di contrastare isolamento e spopolamento. Per questo motivo, la Regione ha deciso di rafforzare ulteriormente l\u2019intervento. Con la recente variazione di bilancio approvata nel mese di agosto sono stati infatti stanziati ulteriori 3 milioni di euro per le annualit\u00e0 2026 e 2027, destinati al potenziamento delle azioni rivolte alla realizzazione delle infrastrutture abilitanti alle telecomunicazioni\u201d, dichiara l\u2019Assessore agli Affari generali, Sebastian Cocco.<br \/>\nLe nuove risorse consentiranno di dare continuit\u00e0 all\u2019attivit\u00e0 gi\u00e0 avviata e di ampliare il numero dei territori interessati, intervenendo nelle situazioni che continuano a presentare criticit\u00e0 particolarmente rilevanti sotto il profilo della copertura telefonica e della connettivit\u00e0.<br \/>\n\u201cLa transizione digitale non pu\u00f2 prescindere dalla disponibilit\u00e0 delle infrastrutture di base. Per questo la Regione continuer\u00e0 a investire affinch\u00e9 anche le aree pi\u00f9 periferiche e meno servite possano disporre delle condizioni necessarie per accedere ai servizi, garantire la sicurezza dei cittadini e cogliere le opportunit\u00e0 offerte dall\u2019innovazione tecnologica. L\u2019obiettivo \u00e8 contribuire a ridurre il divario infrastrutturale ancora presente in alcune parti dell\u2019Isola e favorire uno sviluppo pi\u00f9 equilibrato del territorio regionale, attraverso interventi concreti capaci di rispondere alle esigenze manifestate dalle comunit\u00e0 locali\u201d conclude l\u2019Assessore.<br \/>\n\u2013 foto ufficio stampa Regione Sardegna \u2013<br \/>\nUltima Ora \/ IPA.<\/p>\n","protected":false},"excerpt":{"rendered":"<p>CAGLIARI Ultima Ora \/ IPA \u2013 Le problematiche relative alla mancanza di copertura mobile segnalate da ultimo dal sindaco di Bari Sardo per alcuni tratti della Strada Statale 125 e, in particolare, all\u2019interno delle gallerie della principale direttrice della costa orientale, riportano all\u2019attenzione un tema che interessa ancora diverse aree della Sardegna: la presenza di [&hellip;]<\/p>\n","protected":false},"author":1,"featured_media":0,"comment_status":"closed","ping_status":"open","sticky":false,"template":"","format":"standard","meta":{"_jetpack_newsletter_access":"","_jetpack_dont_email_post_to_subs":false,"_jetpack_newsletter_tier_id":0,"_jetpack_memberships_contains_paywalled_content":false,"fifu_image_url":"","fifu_image_alt":"","_jetpack_feature_clip_id":0,"_jetpack_memberships_contains_paid_content":false,"footnotes":"","jetpack_publicize_message":"","jetpack_publicize_feature_enabled":true,"jetpack_social_post_already_shared":true,"jetpack_social_options":{"image_generator_settings":{"template":"highway","default_image_id":0,"font":"","enabled":false},"version":2},"jetpack_post_was_ever_published":false},"categories":[5],"tags":[14],"class_list":["post-1640","post","type-post","status-publish","format-standard","hentry","category-ultime-notizie","tag-ultime"],"jetpack_publicize_connections":[],"jetpack_sharing_enabled":true,"jetpack_likes_enabled":true,"jetpack_featured_media_url":"","_links":{"self":[{"href":"https:\/\/ultima-ora.com\/index.php?rest_route=\/wp\/v2\/posts\/1640","targetHints":{"allow":["GET"]}}],"collection":[{"href":"https:\/\/ultima-ora.com\/index.php?rest_route=\/wp\/v2\/posts"}],"about":[{"href":"https:\/\/ultima-ora.com\/index.php?rest_route=\/wp\/v2\/types\/post"}],"author":[{"embeddable":true,"href":"https:\/\/ultima-ora.com\/index.php?rest_route=\/wp\/v2\/users\/1"}],"replies":[{"embeddable":true,"href":"https:\/\/ultima-ora.com\/index.php?rest_route=%2Fwp%2Fv2%2Fcomments&post=1640"}],"version-history":[{"count":0,"href":"https:\/\/ultima-ora.com\/index.php?rest_route=\/wp\/v2\/posts\/1640\/revisions"}],"wp:attachment":[{"href":"https:\/\/ultima-ora.com\/index.php?rest_route=%2Fwp%2Fv2%2Fmedia&parent=1640"}],"wp:term":[{"taxonomy":"category","embeddable":true,"href":"https:\/\/ultima-ora.com\/index.php?rest_route=%2Fwp%2Fv2%2Fcategories&post=1640"},{"taxonomy":"post_tag","embeddable":true,"href":"https:\/\/ultima-ora.com\/index.php?rest_route=%2Fwp%2Fv2%2Ftags&post=1640"}],"curies":[{"name":"wp","href":"https:\/\/api.w.org\/{rel}","templated":true}]}}