{"id":1807,"date":"2026-08-31T11:06:06","date_gmt":"2026-08-31T11:06:06","guid":{"rendered":"https:\/\/ultima-ora.com\/?p=1807"},"modified":"2026-08-31T11:06:06","modified_gmt":"2026-08-31T11:06:06","slug":"emergenza-incendi-allerta-rossa-in-tutte-le-province-della-sicilia-eccetto-trapani","status":"publish","type":"post","link":"https:\/\/ultima-ora.com\/?p=1807","title":{"rendered":"Emergenza incendi, allerta rossa in tutte le province della Sicilia eccetto Trapani"},"content":{"rendered":"<p>PALERMO Ultima Ora \/ IPA \u2013 Quella di ieri \u00e8 stata un\u2019altra giornata drammatica sul fronte incendi: in quasi tutte le province siciliane le fiamme, alimentate dal forte vento di scirocco, hanno devastato ettari di vegetazione e messo a repentaglio l\u2019incolumit\u00e0 dei cittadini. Per la giornata di oggi la Protezione civile regionale ha diramato il livello massimo di allerta (rossa) in otto province siciliane, con l\u2019unica eccezione di Trapani dove si attesta sul medio (arancione).<br \/>\nNelle ultime 24 ore la situazione \u00e8 apparsa particolarmente delicata nel palermitano, soprattutto in due Comuni. A Ciminna un giovane \u00e8 rimasto gravemente ferito dopo essere stato raggiunto dal fuoco nella campagna in cui abitava: \u00e8 stato trasportato in elisoccorso a Palermo, all\u2019ospedale Civico, ed \u00e8 in gravi condizioni con ustioni su tutto il corpo; il Comune si prepara a chiedere lo stato di emergenza. A Polizzi Generosa il sindaco Gandolfo Librizzi ha subito un infortunio mentre provava ad aiutare i suoi concittadini mentre il territorio veniva colpito dalle fiamme. Incendi anche a Piano Stoppa, Ventimiglia di Sicilia, Baucina, Castellana, Caccamo e Termini Imerese.<br \/>\n\u2013 Foto di repertorio Ipa Agency \u2013<br \/>\nUltima Ora \/ IPA.<\/p>\n","protected":false},"excerpt":{"rendered":"<p>PALERMO Ultima Ora \/ IPA \u2013 Quella di ieri \u00e8 stata un\u2019altra giornata drammatica sul fronte incendi: in quasi tutte le province siciliane le fiamme, alimentate dal forte vento di scirocco, hanno devastato ettari di vegetazione e messo a repentaglio l\u2019incolumit\u00e0 dei cittadini. Per la giornata di oggi la Protezione civile regionale ha diramato il [&hellip;]<\/p>\n","protected":false},"author":1,"featured_media":0,"comment_status":"closed","ping_status":"open","sticky":false,"template":"","format":"standard","meta":{"_jetpack_newsletter_access":"","_jetpack_dont_email_post_to_subs":false,"_jetpack_newsletter_tier_id":0,"_jetpack_memberships_contains_paywalled_content":false,"fifu_image_url":"","fifu_image_alt":"","_jetpack_feature_clip_id":0,"_jetpack_memberships_contains_paid_content":false,"footnotes":"","jetpack_publicize_message":"","jetpack_publicize_feature_enabled":true,"jetpack_social_post_already_shared":true,"jetpack_social_options":{"image_generator_settings":{"template":"highway","default_image_id":0,"font":"","enabled":false},"version":2},"jetpack_post_was_ever_published":false},"categories":[5],"tags":[14],"class_list":["post-1807","post","type-post","status-publish","format-standard","hentry","category-ultime-notizie","tag-ultime"],"jetpack_publicize_connections":[],"jetpack_sharing_enabled":true,"jetpack_likes_enabled":true,"jetpack_featured_media_url":"","_links":{"self":[{"href":"https:\/\/ultima-ora.com\/index.php?rest_route=\/wp\/v2\/posts\/1807","targetHints":{"allow":["GET"]}}],"collection":[{"href":"https:\/\/ultima-ora.com\/index.php?rest_route=\/wp\/v2\/posts"}],"about":[{"href":"https:\/\/ultima-ora.com\/index.php?rest_route=\/wp\/v2\/types\/post"}],"author":[{"embeddable":true,"href":"https:\/\/ultima-ora.com\/index.php?rest_route=\/wp\/v2\/users\/1"}],"replies":[{"embeddable":true,"href":"https:\/\/ultima-ora.com\/index.php?rest_route=%2Fwp%2Fv2%2Fcomments&post=1807"}],"version-history":[{"count":0,"href":"https:\/\/ultima-ora.com\/index.php?rest_route=\/wp\/v2\/posts\/1807\/revisions"}],"wp:attachment":[{"href":"https:\/\/ultima-ora.com\/index.php?rest_route=%2Fwp%2Fv2%2Fmedia&parent=1807"}],"wp:term":[{"taxonomy":"category","embeddable":true,"href":"https:\/\/ultima-ora.com\/index.php?rest_route=%2Fwp%2Fv2%2Fcategories&post=1807"},{"taxonomy":"post_tag","embeddable":true,"href":"https:\/\/ultima-ora.com\/index.php?rest_route=%2Fwp%2Fv2%2Ftags&post=1807"}],"curies":[{"name":"wp","href":"https:\/\/api.w.org\/{rel}","templated":true}]}}