{"id":1812,"date":"2026-08-31T11:11:05","date_gmt":"2026-08-31T11:11:05","guid":{"rendered":"https:\/\/ultima-ora.com\/?p=1812"},"modified":"2026-08-31T11:11:05","modified_gmt":"2026-08-31T11:11:05","slug":"caso-ranucci-i-giornalisti-di-report-pronti-allo-sciopero-no-alle-imposizioni-calate-dallalto","status":"publish","type":"post","link":"https:\/\/ultima-ora.com\/?p=1812","title":{"rendered":"Caso Ranucci, i giornalisti di Report pronti allo sciopero: &#8220;No alle imposizioni calate dall&#8217;alto&#8221;"},"content":{"rendered":"<p>Ultima Ora &#8211; &#8220;I giornalisti interni della redazione di\u00a0Report, preso atto della decisione arbitraria, non ancora motivata, dell&#8217;azienda di sostituire\u00a0Sigfrido Ranucci\u00a0alla conduzione del programma, sostengono e condividono tutte le rivendicazioni espresse dal gruppo degli\u00a0inviati, che hanno annunciato, in assenza di un ripensamento da parte della\u00a0Rai, di essere pronti ad abbandonare il programma&#8221;. \u00c8 quanto si legge nel comunicato dell&#8217;Assemblea dei giornalisti di\u00a0Report, che proclama lo\u00a0stato di agitazione\u00a0e si riserva di mettere in atto ulteriori iniziative di lotta democratica, compreso lo\u00a0sciopero.<br \/>\nLa difesa dell&#8217;identit\u00e0 di Report<br \/>\n\u00abReport\u00a0non pu\u00f2 esistere senza i suoi\u00a0inviati\u00a0e senza la sua redazione, produzione, filmmaker e montatori che negli anni hanno maturato specifiche competenze e lavorano per garantire un prodotto di qualit\u00e0, espressione autentica del\u00a0servizio pubblico. Solo un pi\u00f9 che solido vissuto professionale e l&#8217;autorevolezza conquistata sul campo possono infatti far fronte alle necessit\u00e0 di produzione e alle specificit\u00e0 investigative di una trasmissione complessa, delicata e di altissimo valore civile, come\u00a0Report\u00a0ha dimostrato di essere nel corso della sua lunga storia, offrendo al pubblico un contributo ispirato ai pi\u00f9 autentici\u00a0valori repubblicani\u00bb, si legge nel comunicato.<br \/>\nLe critiche alla scelta dell&#8217;azienda<br \/>\nI giornalisti interni di\u00a0Report, prosegue la nota, \u00abnon sono disposti, in alcun modo, ad accettare imposizioni calate dall&#8217;alto che, non rispondendo a questi criteri, sono ascrivibili a una matrice puramente\u00a0politica\u00a0che snatura totalmente la vocazione e il Dna del programma\u00bb.<br \/>\nLa redazione esprime inoltre sconcerto per il metodo usato dall&#8217;azienda nella scelta unilaterale e senza condivisione dei nuovi conduttori, annunciati alle agenzie di stampa prima che alla squadra. I giornalisti chiedono all&#8217;azienda di correggere le decisioni prese, ritenute non accettabili da chi si \u00e8 sempre riconosciuto nell&#8217;identit\u00e0 e nei valori di\u00a0Report, sottolineando che tali decisioni potrebbero costringere alcuni professionisti a compiere scelte lavorative diverse.<br \/>\nViene inoltre richiesto il diretto coinvolgimento della redazione nelle scelte aziendali, al fine di preservare\u00a0autonomia\u00a0e\u00a0indipendenza\u00a0di un presidio fondamentale del servizio pubblico. Per questo motivo l&#8217;assemblea dei giornalisti ha proclamato lo\u00a0stato di agitazione\u00a0e non esclude ulteriori iniziative, compreso lo\u00a0sciopero.<br \/>\nIl sostegno del Cdr Approfondimento<br \/>\nIl\u00a0Cdr Approfondimento\u00a0ha dichiarato di sostenere l&#8217;assemblea dei giornalisti interni di\u00a0Report, che all&#8217;unanimit\u00e0 ha fatto proprie le rivendicazioni degli inviati che hanno minacciato di lasciare il programma.<br \/>\nIl Cdr si unisce allo stato di agitazione della redazione e chiede alle rappresentanze sindacali,\u00a0Usigrai\u00a0e\u00a0Stampa Romana\/Fnsi, di esplorare tutte le misure di mobilitazione possibili a sostegno della redazione. Inoltre invita gli altri Cdr della Rai, le organizzazioni sindacali e tutti i colleghi a sostenere la battaglia per la tutela del\u00a0giornalismo d&#8217;inchiesta\u00a0nel servizio pubblico.<br \/>\nLa nota conclude con l&#8217;invito rivolto all&#8217;azienda a mostrare maggiore sensibilit\u00e0 verso le prescrizioni previste dalla legge e dagli accordi sindacali nel rapporto con i giornalisti della Direzione Approfondimento.<br \/>\nL&#8217;intervento di Barbara Floridia<br \/>\n\u00abSono molto preoccupata per il futuro di\u00a0Report. In questi giorni ho espresso, a nome di tutta la comunit\u00e0 del\u00a0M5S, totale sostegno a\u00a0Sigfrido Ranucci. Ora la battaglia pi\u00f9 grande \u00e8 salvare\u00a0Report\u00bb, afferma in una nota la senatrice\u00a0Barbara Floridia, gi\u00e0 presidente della Commissione di Vigilanza Rai.<br \/>\nSecondo Floridia, il rischio concreto \u00e8 che il programma possa non riuscire ad andare in onda il prossimo 8 novembre. La senatrice sottolinea di aver trovato \u00abchiare e coraggiose\u00bb le dichiarazioni degli inviati storici della trasmissione e definisce la settimana in corso come decisiva per il futuro del programma.<br \/>\n\u00abSe la Rai confermer\u00e0 l&#8217;assetto deciso dall&#8217;alto, gli inviati hanno gi\u00e0 detto che se ne andranno in blocco. E senza di loro\u00a0Report\u00a0semplicemente non esister\u00e0 pi\u00f9\u00bb, afferma.<br \/>\nFloridia conclude con un appello rivolto alla\u00a0Rai: \u00abAscoltate chi ha costruito\u00a0Report\u00a0sul campo, facendolo diventare un punto di riferimento per il\u00a0giornalismo investigativo, per l&#8217;informazione del\u00a0servizio pubblico\u00a0e uno dei programmi pi\u00f9 amati dagli italiani. Non distruggete Report\u00bb.<\/p>\n","protected":false},"excerpt":{"rendered":"<p>Ultima Ora &#8211; &#8220;I giornalisti interni della redazione di\u00a0Report, preso atto della decisione arbitraria, non ancora motivata, dell&#8217;azienda di sostituire\u00a0Sigfrido Ranucci\u00a0alla conduzione del programma, sostengono e condividono tutte le rivendicazioni espresse dal gruppo degli\u00a0inviati, che hanno annunciato, in assenza di un ripensamento da parte della\u00a0Rai, di essere pronti ad abbandonare il programma&#8221;. \u00c8 quanto si [&hellip;]<\/p>\n","protected":false},"author":2,"featured_media":0,"comment_status":"closed","ping_status":"open","sticky":false,"template":"","format":"standard","meta":{"_jetpack_newsletter_access":"","_jetpack_dont_email_post_to_subs":false,"_jetpack_newsletter_tier_id":0,"_jetpack_memberships_contains_paywalled_content":false,"fifu_image_url":"","fifu_image_alt":"","_jetpack_feature_clip_id":0,"_jetpack_memberships_contains_paid_content":false,"footnotes":"","jetpack_publicize_message":"","jetpack_publicize_feature_enabled":true,"jetpack_social_post_already_shared":true,"jetpack_social_options":{"image_generator_settings":{"template":"highway","default_image_id":0,"font":"","enabled":false},"version":2},"jetpack_post_was_ever_published":false},"categories":[7],"tags":[16],"class_list":["post-1812","post","type-post","status-publish","format-standard","hentry","category-notizie-italia","tag-italia"],"jetpack_publicize_connections":[],"jetpack_sharing_enabled":true,"jetpack_likes_enabled":true,"jetpack_featured_media_url":"","_links":{"self":[{"href":"https:\/\/ultima-ora.com\/index.php?rest_route=\/wp\/v2\/posts\/1812","targetHints":{"allow":["GET"]}}],"collection":[{"href":"https:\/\/ultima-ora.com\/index.php?rest_route=\/wp\/v2\/posts"}],"about":[{"href":"https:\/\/ultima-ora.com\/index.php?rest_route=\/wp\/v2\/types\/post"}],"author":[{"embeddable":true,"href":"https:\/\/ultima-ora.com\/index.php?rest_route=\/wp\/v2\/users\/2"}],"replies":[{"embeddable":true,"href":"https:\/\/ultima-ora.com\/index.php?rest_route=%2Fwp%2Fv2%2Fcomments&post=1812"}],"version-history":[{"count":0,"href":"https:\/\/ultima-ora.com\/index.php?rest_route=\/wp\/v2\/posts\/1812\/revisions"}],"wp:attachment":[{"href":"https:\/\/ultima-ora.com\/index.php?rest_route=%2Fwp%2Fv2%2Fmedia&parent=1812"}],"wp:term":[{"taxonomy":"category","embeddable":true,"href":"https:\/\/ultima-ora.com\/index.php?rest_route=%2Fwp%2Fv2%2Fcategories&post=1812"},{"taxonomy":"post_tag","embeddable":true,"href":"https:\/\/ultima-ora.com\/index.php?rest_route=%2Fwp%2Fv2%2Ftags&post=1812"}],"curies":[{"name":"wp","href":"https:\/\/api.w.org\/{rel}","templated":true}]}}