{"id":1819,"date":"2026-08-31T13:06:06","date_gmt":"2026-08-31T13:06:06","guid":{"rendered":"https:\/\/ultima-ora.com\/?p=1819"},"modified":"2026-08-31T13:06:06","modified_gmt":"2026-08-31T13:06:06","slug":"tivusat-a-settembre-i-grandi-nomi-della-musica-classica-opera-e-danza","status":"publish","type":"post","link":"https:\/\/ultima-ora.com\/?p=1819","title":{"rendered":"Tivusat, a settembre i grandi nomi della musica classica, opera e danza"},"content":{"rendered":"<p>ROMA Ultima Ora \/ IPA \u2013 A settembre la programmazione di Mezzo (al numero 49 della piattaforma satellitare gratuita tivusat) presenta numerosi appuntamenti dedicati a diversi generi, dalla musica classica al jazz, dall\u2019opera alla danza. Tra i protagonisti i direttori d\u2019orchestra Claudio Abbado, Riccardo Muti e Dalia Stasevska, il violinista Maxim Vengerov e Renaud Capu\u00e7on, in veste di violinista e direttore dell\u2019Orchestre de Chambre de Lausanne. Ampio spazio all\u2019opera con due compositori tra i pi\u00f9 amati, Giuseppe Verdi, con gli allestimenti di Falstaff, La Traviata, Otello, Ernani, Il Trovatore e I Lombardi alla prima crociata e Claudio Monteverdi, con L\u2019incoronazione di Poppea, il Vespro della Beata Vergine e un documentario dedicato al percorso artistico del compositore cremonese raccontato dal direttore d\u2019orchestra John Eliot Gardiner. Completa il programma del mese una sezione dedicata alla danza contemporanea con le coreografie di Thierry Malandain, ispirate ai balletti di Stravinskij e Ravel, oltre ai consueti appuntamenti New Frontiers, rivoltialle nuove forme della musica classica contemporanea e New Talents, riservati ai giovani vincitori del Concorso Internazionale George Enescu. Mezzo \u00e8 un\u2019esclusiva al canale 49 di tivusat, che  oggi dispone di un\u2019offerta gratuita di 130 canali televisivi, di cui oltre 70 in Hd e sette in 4K.Questa la programmazione: Conductors of the month \u2013 Claudio Abbado: Gil Shaham, Berliner Philharmoniker, Beethoven, Brahms, Dvor\u00e0k, Domenica 20, ore 20:30; Claudio Abbado, 10 years after, Luned\u00ec 21, ore 20:30 (Documentary). Riccardo Muti: Wiener Philharmoniker, Riccardo Muti, Beethoven: Symphony No. 9, Domenica 13, ore 20:30. Dalia Stasevska: Bruce Liu, Orchestre Symphonique de Montr\u00e8al, Gouba\u00ecdoulina, Sibelius, Domenica 27, ore 20:30. Violinist of the month \u2013 Maxim Vengerov: Tokyo Philharmonic, Myung-Whun Chung, Tchaikovsky, Stravinsky, Domenica 6, ore 20:30. Artist and conductor of the month \u2013 Renaud Capu\u00e7on: Stefan Dohr, Orchestre de Chambre de Lausanne, Mozart, Strauss, Luned\u00ec 7, ore 21:30. Composers of the month \u2013 Giuseppe Verdi: Falstaff, Sabato 5, ore 20:30; I Lombardi alla prima crociata, Marted\u00ec 8, ore 23:00; La Traviata, Sabato 12, ore 20:30; Otello, Sabato 19, ore 20:30; Requiem, Domenica 20, ore 22:20; Ernani, Gioved\u00ec 24, ore 20:30; Il Trovatore, Sabato 26, ore 20:30. Claudio Monteverdi: L\u2019incoronazione di Poppea, Mercoled\u00ec 16, ore 20:30; Vespro della Beata Vergine, Venerd\u00ec 25, ore 21:30; Monteverdi, from Mantua to Venice, John Eliot Gardiner, Luned\u00ec 28, ore 20:30 (Documentary). Choreographer of the month \u2013 Thierry Malandain: Stravinsky, The Firebird, The Rite of Spring, Marted\u00ec 15, ore 20:30; Ravel, Daphnis and Chlo\u00e8, Marted\u00ec 22, ore 20:30. New Frontiers in Prime time: Georgijs Osokins, Arvo Part 90th Anniversary concert, Venerd\u00ec 11, ore 20:30; Francesco Tristano, Frescobaldi, Berio, Franceschini, Bach, Venerd\u00ec 18, ore 20:30; Luzerner Sinfonieorchester, Michael Sanderling, Shostakovich, Venerd\u00ec 25, ore 20:30. New Talents: Concert d\u2019ouverture, Concours international George Enescu 2026, Luned\u00ec 7, ore 18:30.-news in collaborazione con tivusat- -foto Ipa Agency- Ultima Ora \/ IPA.<\/p>\n","protected":false},"excerpt":{"rendered":"<p>ROMA Ultima Ora \/ IPA \u2013 A settembre la programmazione di Mezzo (al numero 49 della piattaforma satellitare gratuita tivusat) presenta numerosi appuntamenti dedicati a diversi generi, dalla musica classica al jazz, dall\u2019opera alla danza. Tra i protagonisti i direttori d\u2019orchestra Claudio Abbado, Riccardo Muti e Dalia Stasevska, il violinista Maxim Vengerov e Renaud Capu\u00e7on, [&hellip;]<\/p>\n","protected":false},"author":1,"featured_media":0,"comment_status":"closed","ping_status":"open","sticky":false,"template":"","format":"standard","meta":{"_jetpack_newsletter_access":"","_jetpack_dont_email_post_to_subs":false,"_jetpack_newsletter_tier_id":0,"_jetpack_memberships_contains_paywalled_content":false,"fifu_image_url":"","fifu_image_alt":"","_jetpack_feature_clip_id":0,"_jetpack_memberships_contains_paid_content":false,"footnotes":"","jetpack_publicize_message":"","jetpack_publicize_feature_enabled":true,"jetpack_social_post_already_shared":true,"jetpack_social_options":{"image_generator_settings":{"template":"highway","default_image_id":0,"font":"","enabled":false},"version":2},"jetpack_post_was_ever_published":false},"categories":[5],"tags":[14],"class_list":["post-1819","post","type-post","status-publish","format-standard","hentry","category-ultime-notizie","tag-ultime"],"jetpack_publicize_connections":[],"jetpack_sharing_enabled":true,"jetpack_likes_enabled":true,"jetpack_featured_media_url":"","_links":{"self":[{"href":"https:\/\/ultima-ora.com\/index.php?rest_route=\/wp\/v2\/posts\/1819","targetHints":{"allow":["GET"]}}],"collection":[{"href":"https:\/\/ultima-ora.com\/index.php?rest_route=\/wp\/v2\/posts"}],"about":[{"href":"https:\/\/ultima-ora.com\/index.php?rest_route=\/wp\/v2\/types\/post"}],"author":[{"embeddable":true,"href":"https:\/\/ultima-ora.com\/index.php?rest_route=\/wp\/v2\/users\/1"}],"replies":[{"embeddable":true,"href":"https:\/\/ultima-ora.com\/index.php?rest_route=%2Fwp%2Fv2%2Fcomments&post=1819"}],"version-history":[{"count":0,"href":"https:\/\/ultima-ora.com\/index.php?rest_route=\/wp\/v2\/posts\/1819\/revisions"}],"wp:attachment":[{"href":"https:\/\/ultima-ora.com\/index.php?rest_route=%2Fwp%2Fv2%2Fmedia&parent=1819"}],"wp:term":[{"taxonomy":"category","embeddable":true,"href":"https:\/\/ultima-ora.com\/index.php?rest_route=%2Fwp%2Fv2%2Fcategories&post=1819"},{"taxonomy":"post_tag","embeddable":true,"href":"https:\/\/ultima-ora.com\/index.php?rest_route=%2Fwp%2Fv2%2Ftags&post=1819"}],"curies":[{"name":"wp","href":"https:\/\/api.w.org\/{rel}","templated":true}]}}