{"id":1821,"date":"2026-08-31T13:06:06","date_gmt":"2026-08-31T13:06:06","guid":{"rendered":"https:\/\/ultima-ora.com\/?p=1821"},"modified":"2026-08-31T13:06:06","modified_gmt":"2026-08-31T13:06:06","slug":"cresce-la-formazione-tecnica-superiore-in-piemonte-stanziati-48-milioni-di-euro","status":"publish","type":"post","link":"https:\/\/ultima-ora.com\/?p=1821","title":{"rendered":"Cresce la formazione tecnica superiore in Piemonte, stanziati 48 milioni di euro"},"content":{"rendered":"<p>TORINO Ultima Ora \/ IPA \u2013 Una filiera della formazione tecnica superiore sempre pi\u00f9 forte, capace di offrire ai giovani competenze specialistiche e di rispondere alla crescente domanda di professionalit\u00e0 del sistema produttivo piemontese. La Regione Piemonte rafforza la programmazione 2026-2029 con quasi 6 milioni di euro di risorse aggiuntive, portando l\u2019investimento complessivo da 42,31 a 48,25 milioni di euro. \u00c8 quanto prevede la delibera approvata dalla Giunta regionale del Piemonte, che integra le risorse gi\u00e0 stanziate per la programmazione dell\u2019offerta formativa regionale del Sistema di Formazione Tecnica Superiore. Complessivamente, 40,57 milioni di euro saranno destinati alle attivit\u00e0 degli ITS Academy, mentre 7,68 milioni finanzieranno i percorsi IFTS.\u00a0<br \/>\nL\u2019integrazione, pari a 5,94 milioni di euro, deriva dalle nuove risorse assegnate al Piemonte dal Ministero dell\u2019Istruzione e del Merito attraverso il Fondo per l\u2019istruzione tecnologica superiore e consentir\u00e0 di rafforzare ulteriormente il sistema regionale: 3,45 milioni di euro saranno destinati al potenziamento dell\u2019offerta formativa degli ITS Academy, mentre 2,49 milioni di euro di risorse premiali sosterranno la gestione, il funzionamento e la sostenibilit\u00e0 delle Fondazioni ITS Academy piemontesi.<br \/>\nUna scelta che si inserisce in una programmazione pi\u00f9 ampia con la quale la Regione punta a consolidare una vera e propria filiera della formazione tecnica superiore, attraverso percorsi fortemente orientati all\u2019acquisizione di competenze specialistiche e costruiti per mantenere uno stretto raccordo con l\u2019evoluzione del mercato del lavoro e con i fabbisogni professionali delle imprese. ITS Academy e IFTS rappresentano infatti due componenti strategiche di questa filiera: percorsi differenti per durata, caratteristiche e livello di specializzazione, ma accomunati dalla capacit\u00e0 di avvicinare formazione e mondo produttivo e di offrire ai giovani strumenti concreti per costruire il proprio futuro professionale.<br \/>\n\u201cVogliamo costruire in Piemonte una filiera della formazione tecnica sempre pi\u00f9 forte e riconoscibile, capace di accompagnare i nostri ragazzi dalla formazione alle competenze e dalle competenze al lavoro. ITS Academy e IFTS sono due strumenti diversi, ma fanno parte della stessa visione: offrire percorsi di qualit\u00e0, vicini alle esigenze delle imprese e capaci di creare opportunit\u00e0 concrete per i giovani\u201d dichiara l\u2019assessore regionale all\u2019Istruzione e Merito, Formazione professionale e Diritto allo Studio universitario Daniela Cameroni. \u201cPortare l\u2019investimento complessivo a oltre 48 milioni di euro conferma quanto crediamo in questa direzione: il Piemonte \u00e8 una terra che produce e innova, per questo motivo ha bisogno di competenze tecniche sempre pi\u00f9 qualificate. Il nostro compito \u00e8 fare in modo che formazione e lavoro continuino ad avvicinarsi, dando ai ragazzi la possibilit\u00e0 di scegliere percorsi validi e alle nostre imprese le professionalit\u00e0 necessarie per continuare a crescere\u201d conclude Cameroni.<br \/>\n\u2013 Foto Regione Piemonte \u2013<br \/>\nUltima Ora \/ IPA.<\/p>\n","protected":false},"excerpt":{"rendered":"<p>TORINO Ultima Ora \/ IPA \u2013 Una filiera della formazione tecnica superiore sempre pi\u00f9 forte, capace di offrire ai giovani competenze specialistiche e di rispondere alla crescente domanda di professionalit\u00e0 del sistema produttivo piemontese. La Regione Piemonte rafforza la programmazione 2026-2029 con quasi 6 milioni di euro di risorse aggiuntive, portando l\u2019investimento complessivo da 42,31 [&hellip;]<\/p>\n","protected":false},"author":1,"featured_media":0,"comment_status":"closed","ping_status":"open","sticky":false,"template":"","format":"standard","meta":{"_jetpack_newsletter_access":"","_jetpack_dont_email_post_to_subs":false,"_jetpack_newsletter_tier_id":0,"_jetpack_memberships_contains_paywalled_content":false,"fifu_image_url":"","fifu_image_alt":"","_jetpack_feature_clip_id":0,"_jetpack_memberships_contains_paid_content":false,"footnotes":"","jetpack_publicize_message":"","jetpack_publicize_feature_enabled":true,"jetpack_social_post_already_shared":true,"jetpack_social_options":{"image_generator_settings":{"template":"highway","default_image_id":0,"font":"","enabled":false},"version":2},"jetpack_post_was_ever_published":false},"categories":[5],"tags":[14],"class_list":["post-1821","post","type-post","status-publish","format-standard","hentry","category-ultime-notizie","tag-ultime"],"jetpack_publicize_connections":[],"jetpack_sharing_enabled":true,"jetpack_likes_enabled":true,"jetpack_featured_media_url":"","_links":{"self":[{"href":"https:\/\/ultima-ora.com\/index.php?rest_route=\/wp\/v2\/posts\/1821","targetHints":{"allow":["GET"]}}],"collection":[{"href":"https:\/\/ultima-ora.com\/index.php?rest_route=\/wp\/v2\/posts"}],"about":[{"href":"https:\/\/ultima-ora.com\/index.php?rest_route=\/wp\/v2\/types\/post"}],"author":[{"embeddable":true,"href":"https:\/\/ultima-ora.com\/index.php?rest_route=\/wp\/v2\/users\/1"}],"replies":[{"embeddable":true,"href":"https:\/\/ultima-ora.com\/index.php?rest_route=%2Fwp%2Fv2%2Fcomments&post=1821"}],"version-history":[{"count":0,"href":"https:\/\/ultima-ora.com\/index.php?rest_route=\/wp\/v2\/posts\/1821\/revisions"}],"wp:attachment":[{"href":"https:\/\/ultima-ora.com\/index.php?rest_route=%2Fwp%2Fv2%2Fmedia&parent=1821"}],"wp:term":[{"taxonomy":"category","embeddable":true,"href":"https:\/\/ultima-ora.com\/index.php?rest_route=%2Fwp%2Fv2%2Fcategories&post=1821"},{"taxonomy":"post_tag","embeddable":true,"href":"https:\/\/ultima-ora.com\/index.php?rest_route=%2Fwp%2Fv2%2Ftags&post=1821"}],"curies":[{"name":"wp","href":"https:\/\/api.w.org\/{rel}","templated":true}]}}