{"id":1824,"date":"2026-08-31T13:16:06","date_gmt":"2026-08-31T13:16:06","guid":{"rendered":"https:\/\/ultima-ora.com\/?p=1824"},"modified":"2026-08-31T13:16:06","modified_gmt":"2026-08-31T13:16:06","slug":"si-stringe-per-nosakhare","status":"publish","type":"post","link":"https:\/\/ultima-ora.com\/?p=1824","title":{"rendered":"SI STRINGE PER NOSAKHARE"},"content":{"rendered":"<p>Mister Massimiliano Alvini potrebbe accogliere molto presto un nuovo esterno offensivo da aggiungere alla sua rosa.<br \/>\nLa societ\u00e0 ciociara, infatti, ha avviato una trattativa per Petter Dahl Nosakhare con il Rapid Vienna, che sarebbe gi\u00e0 in fase avanzata. In queste ore il club giallazzurro lavorer\u00e0 per sistemare i dettagli della possibile operazione per il norvegese classe 2003.<br \/>\nNel frattempo la squadra di Alvini prosegue la sua marcia di avvicinamento al match di Coppa Italia contro il Sassuolo, che andr\u00e0 in scena al Mapei Stadium mercoled\u00ec pomeriggio.<br \/>\n 260Altri Sport 299Brevi Sport<\/p>\n","protected":false},"excerpt":{"rendered":"<p>Mister Massimiliano Alvini potrebbe accogliere molto presto un nuovo esterno offensivo da aggiungere alla sua rosa. La societ\u00e0 ciociara, infatti, ha avviato una trattativa per Petter Dahl Nosakhare con il Rapid Vienna, che sarebbe gi\u00e0 in fase avanzata. In queste ore il club giallazzurro lavorer\u00e0 per sistemare i dettagli della possibile operazione per il norvegese [&hellip;]<\/p>\n","protected":false},"author":2,"featured_media":0,"comment_status":"closed","ping_status":"open","sticky":false,"template":"","format":"standard","meta":{"_jetpack_newsletter_access":"","_jetpack_dont_email_post_to_subs":false,"_jetpack_newsletter_tier_id":0,"_jetpack_memberships_contains_paywalled_content":false,"fifu_image_url":"","fifu_image_alt":"","_jetpack_feature_clip_id":0,"_jetpack_memberships_contains_paid_content":false,"footnotes":"","jetpack_publicize_message":"","jetpack_publicize_feature_enabled":true,"jetpack_social_post_already_shared":true,"jetpack_social_options":{"image_generator_settings":{"template":"highway","default_image_id":0,"font":"","enabled":false},"version":2},"jetpack_post_was_ever_published":false},"categories":[8],"tags":[9],"class_list":["post-1824","post","type-post","status-publish","format-standard","hentry","category-notizie-di-calcio","tag-calcio"],"jetpack_publicize_connections":[],"jetpack_sharing_enabled":true,"jetpack_likes_enabled":true,"jetpack_featured_media_url":"","_links":{"self":[{"href":"https:\/\/ultima-ora.com\/index.php?rest_route=\/wp\/v2\/posts\/1824","targetHints":{"allow":["GET"]}}],"collection":[{"href":"https:\/\/ultima-ora.com\/index.php?rest_route=\/wp\/v2\/posts"}],"about":[{"href":"https:\/\/ultima-ora.com\/index.php?rest_route=\/wp\/v2\/types\/post"}],"author":[{"embeddable":true,"href":"https:\/\/ultima-ora.com\/index.php?rest_route=\/wp\/v2\/users\/2"}],"replies":[{"embeddable":true,"href":"https:\/\/ultima-ora.com\/index.php?rest_route=%2Fwp%2Fv2%2Fcomments&post=1824"}],"version-history":[{"count":0,"href":"https:\/\/ultima-ora.com\/index.php?rest_route=\/wp\/v2\/posts\/1824\/revisions"}],"wp:attachment":[{"href":"https:\/\/ultima-ora.com\/index.php?rest_route=%2Fwp%2Fv2%2Fmedia&parent=1824"}],"wp:term":[{"taxonomy":"category","embeddable":true,"href":"https:\/\/ultima-ora.com\/index.php?rest_route=%2Fwp%2Fv2%2Fcategories&post=1824"},{"taxonomy":"post_tag","embeddable":true,"href":"https:\/\/ultima-ora.com\/index.php?rest_route=%2Fwp%2Fv2%2Ftags&post=1824"}],"curies":[{"name":"wp","href":"https:\/\/api.w.org\/{rel}","templated":true}]}}