{"id":1841,"date":"2026-08-31T15:16:06","date_gmt":"2026-08-31T15:16:06","guid":{"rendered":"https:\/\/ultima-ora.com\/?p=1841"},"modified":"2026-08-31T15:16:06","modified_gmt":"2026-08-31T15:16:06","slug":"preso-jovanovic-dallo-stoccarda","status":"publish","type":"post","link":"https:\/\/ultima-ora.com\/?p=1841","title":{"rendered":"PRESO JOVANOVIC DALLO STOCCARDA"},"content":{"rendered":"<p>Arriva un nuovo attaccante per completare il reparto offensivo di mister Kosta Runjaic. Dopo una trattativa durata diversi giorni, la dirigenza bianconera ha raggiunto l&#8217;accordo con lo Stoccarda per Lazar Jovanovic, esterno d&#8217;attacco serbo classe 2006 che lo scorso anno ha raccolto appena 6 presenze complessive: operazione a titolo definitivo da 7 milioni di euro.<br \/>\nPer i friulani, infatti, \u00e8 gi\u00e0 tempo di pensare al prossimo impegno poich\u00e9 mercoled\u00ec ritorneranno in campo con il Venezia in Coppa Italia. Possibile maglia dal 1&#8242; per Gueye.<br \/>\n 260Altri Sport 299Brevi Sport<\/p>\n","protected":false},"excerpt":{"rendered":"<p>Arriva un nuovo attaccante per completare il reparto offensivo di mister Kosta Runjaic. Dopo una trattativa durata diversi giorni, la dirigenza bianconera ha raggiunto l&#8217;accordo con lo Stoccarda per Lazar Jovanovic, esterno d&#8217;attacco serbo classe 2006 che lo scorso anno ha raccolto appena 6 presenze complessive: operazione a titolo definitivo da 7 milioni di euro. [&hellip;]<\/p>\n","protected":false},"author":2,"featured_media":0,"comment_status":"closed","ping_status":"open","sticky":false,"template":"","format":"standard","meta":{"_jetpack_newsletter_access":"","_jetpack_dont_email_post_to_subs":false,"_jetpack_newsletter_tier_id":0,"_jetpack_memberships_contains_paywalled_content":false,"fifu_image_url":"","fifu_image_alt":"","_jetpack_feature_clip_id":0,"_jetpack_memberships_contains_paid_content":false,"footnotes":"","jetpack_publicize_message":"","jetpack_publicize_feature_enabled":true,"jetpack_social_post_already_shared":true,"jetpack_social_options":{"image_generator_settings":{"template":"highway","default_image_id":0,"font":"","enabled":false},"version":2},"jetpack_post_was_ever_published":false},"categories":[8],"tags":[9],"class_list":["post-1841","post","type-post","status-publish","format-standard","hentry","category-notizie-di-calcio","tag-calcio"],"jetpack_publicize_connections":[],"jetpack_sharing_enabled":true,"jetpack_likes_enabled":true,"jetpack_featured_media_url":"","_links":{"self":[{"href":"https:\/\/ultima-ora.com\/index.php?rest_route=\/wp\/v2\/posts\/1841","targetHints":{"allow":["GET"]}}],"collection":[{"href":"https:\/\/ultima-ora.com\/index.php?rest_route=\/wp\/v2\/posts"}],"about":[{"href":"https:\/\/ultima-ora.com\/index.php?rest_route=\/wp\/v2\/types\/post"}],"author":[{"embeddable":true,"href":"https:\/\/ultima-ora.com\/index.php?rest_route=\/wp\/v2\/users\/2"}],"replies":[{"embeddable":true,"href":"https:\/\/ultima-ora.com\/index.php?rest_route=%2Fwp%2Fv2%2Fcomments&post=1841"}],"version-history":[{"count":0,"href":"https:\/\/ultima-ora.com\/index.php?rest_route=\/wp\/v2\/posts\/1841\/revisions"}],"wp:attachment":[{"href":"https:\/\/ultima-ora.com\/index.php?rest_route=%2Fwp%2Fv2%2Fmedia&parent=1841"}],"wp:term":[{"taxonomy":"category","embeddable":true,"href":"https:\/\/ultima-ora.com\/index.php?rest_route=%2Fwp%2Fv2%2Fcategories&post=1841"},{"taxonomy":"post_tag","embeddable":true,"href":"https:\/\/ultima-ora.com\/index.php?rest_route=%2Fwp%2Fv2%2Ftags&post=1841"}],"curies":[{"name":"wp","href":"https:\/\/api.w.org\/{rel}","templated":true}]}}