{"id":1885,"date":"2026-09-01T10:06:06","date_gmt":"2026-09-01T10:06:06","guid":{"rendered":"https:\/\/ultima-ora.com\/?p=1885"},"modified":"2026-09-01T10:06:06","modified_gmt":"2026-09-01T10:06:06","slug":"tunisia-saied-rivedere-laccordo-di-associazione-con-lunione-europea","status":"publish","type":"post","link":"https:\/\/ultima-ora.com\/?p=1885","title":{"rendered":"Tunisia, Saied \u201cRivedere l\u2019accordo di associazione con l\u2019Unione europea\u201d"},"content":{"rendered":"<p>TUNISI (TUNISIA) Ultima Ora \/ IPA \u2013 Il presidente tunisino Ka\u00efs Saied ha ribadito la necessit\u00e0 di rivedere l\u2019accordo di associazione tra la Tunisia e l\u2019Unione europea, affinch\u00e9 sia \u201cpi\u00f9 equilibrato e pi\u00f9 giusto\u201d. Lo ha affermato durante l\u2019incontro con il ministro federale degli Esteri tedesco Johann Wadephul, ricevuto il 31 agosto al Palazzo di Cartagine, secondo quanto riportato sulla pagina ufficiale della Presidenza della Repubblica tunisina.<br \/>\nNel corso dell\u2019incontro, Saied ha sottolineato l\u2019importanza di rafforzare la cooperazione tra Tunisia e Germania, in particolare nei settori dell\u2019istruzione superiore, della ricerca scientifica, della formazione professionale, dell\u2019energia e dell\u2019innovazione tecnologica. Il presidente tunisino ha inoltre sollevato la questione della conversione dei prestiti in investimenti, sostenendo che il popolo tunisino non avrebbe beneficiato adeguatamente di tali finanziamenti e che parte delle risorse sarebbe stata destinata diversamente, con costi rilevanti per il Paese.<br \/>\nSaied ha infine evidenziato la storicit\u00e0 dei rapporti di amicizia tra Tunisia e Germania, che quest\u2019anno celebrano il 70\u00b0 anniversario dell\u2019instaurazione delle relazioni diplomatiche, sottolineando la necessit\u00e0 di nuovi approcci fondati sulla libert\u00e0 e sulla giustizia per garantire stabilit\u00e0 e sicurezza.<br \/>\nFonte: IPA<br \/>\nUltima Ora \/ IPA.<\/p>\n","protected":false},"excerpt":{"rendered":"<p>TUNISI (TUNISIA) Ultima Ora \/ IPA \u2013 Il presidente tunisino Ka\u00efs Saied ha ribadito la necessit\u00e0 di rivedere l\u2019accordo di associazione tra la Tunisia e l\u2019Unione europea, affinch\u00e9 sia \u201cpi\u00f9 equilibrato e pi\u00f9 giusto\u201d. Lo ha affermato durante l\u2019incontro con il ministro federale degli Esteri tedesco Johann Wadephul, ricevuto il 31 agosto al Palazzo di [&hellip;]<\/p>\n","protected":false},"author":1,"featured_media":0,"comment_status":"closed","ping_status":"open","sticky":false,"template":"","format":"standard","meta":{"_jetpack_newsletter_access":"","_jetpack_dont_email_post_to_subs":false,"_jetpack_newsletter_tier_id":0,"_jetpack_memberships_contains_paywalled_content":false,"fifu_image_url":"","fifu_image_alt":"","_jetpack_feature_clip_id":0,"_jetpack_memberships_contains_paid_content":false,"footnotes":"","jetpack_publicize_message":"","jetpack_publicize_feature_enabled":true,"jetpack_social_post_already_shared":true,"jetpack_social_options":{"image_generator_settings":{"template":"highway","default_image_id":0,"font":"","enabled":false},"version":2},"jetpack_post_was_ever_published":false},"categories":[5],"tags":[14],"class_list":["post-1885","post","type-post","status-publish","format-standard","hentry","category-ultime-notizie","tag-ultime"],"jetpack_publicize_connections":[],"jetpack_sharing_enabled":true,"jetpack_likes_enabled":true,"jetpack_featured_media_url":"","_links":{"self":[{"href":"https:\/\/ultima-ora.com\/index.php?rest_route=\/wp\/v2\/posts\/1885","targetHints":{"allow":["GET"]}}],"collection":[{"href":"https:\/\/ultima-ora.com\/index.php?rest_route=\/wp\/v2\/posts"}],"about":[{"href":"https:\/\/ultima-ora.com\/index.php?rest_route=\/wp\/v2\/types\/post"}],"author":[{"embeddable":true,"href":"https:\/\/ultima-ora.com\/index.php?rest_route=\/wp\/v2\/users\/1"}],"replies":[{"embeddable":true,"href":"https:\/\/ultima-ora.com\/index.php?rest_route=%2Fwp%2Fv2%2Fcomments&post=1885"}],"version-history":[{"count":0,"href":"https:\/\/ultima-ora.com\/index.php?rest_route=\/wp\/v2\/posts\/1885\/revisions"}],"wp:attachment":[{"href":"https:\/\/ultima-ora.com\/index.php?rest_route=%2Fwp%2Fv2%2Fmedia&parent=1885"}],"wp:term":[{"taxonomy":"category","embeddable":true,"href":"https:\/\/ultima-ora.com\/index.php?rest_route=%2Fwp%2Fv2%2Fcategories&post=1885"},{"taxonomy":"post_tag","embeddable":true,"href":"https:\/\/ultima-ora.com\/index.php?rest_route=%2Fwp%2Fv2%2Ftags&post=1885"}],"curies":[{"name":"wp","href":"https:\/\/api.w.org\/{rel}","templated":true}]}}