{"id":1886,"date":"2026-09-01T10:06:06","date_gmt":"2026-09-01T10:06:06","guid":{"rendered":"https:\/\/ultima-ora.com\/?p=1886"},"modified":"2026-09-01T10:06:06","modified_gmt":"2026-09-01T10:06:06","slug":"kallas-inviare-piu-intercettori-a-kiev-e-colmare-le-lacune-europee","status":"publish","type":"post","link":"https:\/\/ultima-ora.com\/?p=1886","title":{"rendered":"Kallas \u201cInviare pi\u00f9 intercettori a Kiev e colmare le lacune europee\u201d"},"content":{"rendered":"<p>WICKLOW (IRLANDA) Ultima Ora \/ IPA \u2013 La difesa aerea dell\u2019Ucraina resta la priorit\u00e0 immediata dell\u2019Unione europea, mentre Bruxelles accelera sul rafforzamento delle capacit\u00e0 militari necessarie a rendere pi\u00f9 credibile la propria deterrenza. \u00c8 il quadro tracciato dall\u2019Alta rappresentante Kaja Kallas all\u2019apertura della riunione informale dei ministri della Difesa Ue a Wicklow, in Irlanda. \u201cIl problema principale \u00e8 la difesa aerea. Gli ucraini hanno bisogno di intercettori\u201d, ha affermato Kallas, ricordando che luglio e agosto sono stati i mesi pi\u00f9 letali per i civili dall\u2019inizio della guerra. L\u2019Alta rappresentante ha invitato gli Stati che dispongono di missili intercettori prossimi alla scadenza a trasferirli a Kiev: \u201cSarebbe molto positivo se li dessero all\u2019Ucraina, affinch\u00e9 possa utilizzarli per proteggere la propria popolazione\u201d. Bruxelles sta cercando disponibilit\u00e0 anche presso Paesi extra-Ue e, parallelamente, punta a sviluppare capacit\u00e0 europee insieme all\u2019industria ucraina. Sul piano finanziario resta aperta la partita dei 6,6 miliardi di euro dell\u2019European Peace Facility, finora bloccati. Kallas ha spiegato che l\u2019Ue sta esercitando \u201cuna forte pressione\u201d per renderli disponibili, pur dovendo ancora definire quale quota sar\u00e0 restituita agli Stati membri e quale destinata direttamente alle esigenze ucraine.<br \/>\nIl confronto di Wicklow guarda per\u00f2 oltre il sostegno immediato a Kiev. Per Kallas l\u2019Europa presenta ancora \u201clacune critiche nelle capacit\u00e0\u201d che devono essere colmate pi\u00f9 rapidamente per aumentare la credibilit\u00e0 della deterrenza di fronte alla crescente pressione russa. Sulle indiscrezioni relative al sabotaggio di Lipsia, l\u2019Alta rappresentante ha evitato attribuzioni premature, chiedendo di attendere che Berlino condivida la propria intelligence, ma ha osservato che in diversi Paesi \u201ci russi stanno aumentando sempre di pi\u00f9 le provocazioni\u201d. La questione, ha aggiunto, \u00e8 stabilire \u201cche cosa possiamo fare per dissuaderli dall\u2019andare oltre\u201d. Tra i dossier strategici figura anche lo spazio, definito \u201cun abilitatore fondamentale della difesa\u201d, settore nel quale l\u2019Ue deve intensificare gli investimenti per conservare capacit\u00e0 autonome. Sul fronte marittimo, Kallas ha richiamato la protezione delle infrastrutture critiche sottomarine e la crisi dello Stretto di Hormuz. \u201cLa libert\u00e0 di navigazione deve essere rispettata\u201d, ha affermato, precisando che gli sforzi diplomatici non hanno finora prodotto risultati e che sulle rotte precedentemente aperte non devono essere imposti \u201cpedaggi o tariffe\u201d. Ucraina, spazio e sicurezza marittima delineano cos\u00ec un\u2019unica esigenza: accelerare la costruzione di capacit\u00e0 europee in grado di proteggere territorio, infrastrutture e libert\u00e0 di accesso ai domini strategici.<br \/>\nFonte: IPA<br \/>\nUltima Ora \/ IPA.<\/p>\n","protected":false},"excerpt":{"rendered":"<p>WICKLOW (IRLANDA) Ultima Ora \/ IPA \u2013 La difesa aerea dell\u2019Ucraina resta la priorit\u00e0 immediata dell\u2019Unione europea, mentre Bruxelles accelera sul rafforzamento delle capacit\u00e0 militari necessarie a rendere pi\u00f9 credibile la propria deterrenza. \u00c8 il quadro tracciato dall\u2019Alta rappresentante Kaja Kallas all\u2019apertura della riunione informale dei ministri della Difesa Ue a Wicklow, in Irlanda. \u201cIl [&hellip;]<\/p>\n","protected":false},"author":1,"featured_media":0,"comment_status":"closed","ping_status":"open","sticky":false,"template":"","format":"standard","meta":{"_jetpack_newsletter_access":"","_jetpack_dont_email_post_to_subs":false,"_jetpack_newsletter_tier_id":0,"_jetpack_memberships_contains_paywalled_content":false,"fifu_image_url":"","fifu_image_alt":"","_jetpack_feature_clip_id":0,"_jetpack_memberships_contains_paid_content":false,"footnotes":"","jetpack_publicize_message":"","jetpack_publicize_feature_enabled":true,"jetpack_social_post_already_shared":true,"jetpack_social_options":{"image_generator_settings":{"template":"highway","default_image_id":0,"font":"","enabled":false},"version":2},"jetpack_post_was_ever_published":false},"categories":[5],"tags":[14],"class_list":["post-1886","post","type-post","status-publish","format-standard","hentry","category-ultime-notizie","tag-ultime"],"jetpack_publicize_connections":[],"jetpack_sharing_enabled":true,"jetpack_likes_enabled":true,"jetpack_featured_media_url":"","_links":{"self":[{"href":"https:\/\/ultima-ora.com\/index.php?rest_route=\/wp\/v2\/posts\/1886","targetHints":{"allow":["GET"]}}],"collection":[{"href":"https:\/\/ultima-ora.com\/index.php?rest_route=\/wp\/v2\/posts"}],"about":[{"href":"https:\/\/ultima-ora.com\/index.php?rest_route=\/wp\/v2\/types\/post"}],"author":[{"embeddable":true,"href":"https:\/\/ultima-ora.com\/index.php?rest_route=\/wp\/v2\/users\/1"}],"replies":[{"embeddable":true,"href":"https:\/\/ultima-ora.com\/index.php?rest_route=%2Fwp%2Fv2%2Fcomments&post=1886"}],"version-history":[{"count":0,"href":"https:\/\/ultima-ora.com\/index.php?rest_route=\/wp\/v2\/posts\/1886\/revisions"}],"wp:attachment":[{"href":"https:\/\/ultima-ora.com\/index.php?rest_route=%2Fwp%2Fv2%2Fmedia&parent=1886"}],"wp:term":[{"taxonomy":"category","embeddable":true,"href":"https:\/\/ultima-ora.com\/index.php?rest_route=%2Fwp%2Fv2%2Fcategories&post=1886"},{"taxonomy":"post_tag","embeddable":true,"href":"https:\/\/ultima-ora.com\/index.php?rest_route=%2Fwp%2Fv2%2Ftags&post=1886"}],"curies":[{"name":"wp","href":"https:\/\/api.w.org\/{rel}","templated":true}]}}