{"id":1888,"date":"2026-09-01T10:06:06","date_gmt":"2026-09-01T10:06:06","guid":{"rendered":"https:\/\/ultima-ora.com\/?p=1888"},"modified":"2026-09-01T10:06:06","modified_gmt":"2026-09-01T10:06:06","slug":"22-anni-fa-la-scomparsa-di-denise-pipitone-i-genitori-continuiamo-a-lottare-con-amore-e-speranza","status":"publish","type":"post","link":"https:\/\/ultima-ora.com\/?p=1888","title":{"rendered":"22 anni fa la scomparsa di Denise Pipitone, i genitori: \u201cContinuiamo a lottare con amore e speranza\u201d"},"content":{"rendered":"<p>MAZARA DEL VALLO (TRAPANI) Ultima Ora \/ IPA \u2013 \u201cAmore nostro, dal 1\u00b0 settembre 2004, il giorno in cui sei stata rapita quando avevi quasi 4 anni, la nostra vita \u00e8 cambiata per sempre.\u201c \u00c8 quanto si legge nella nota a firma di Piera Maggio e Pietro Pulizzi, genitori di Denise Pipitone, rapita 22 anni fa a Mazara del Vallo e mai pi\u00f9 ritrovata.<br \/>\n \u201cDa quel giorno continuiamo a lottare con amore e speranza, con il desiderio pi\u00f9 grande di poterti riabbracciare e riportarti a casa\u201d -continua la nota- \u201cDenise, ovunque tu sia, vogliamo che tu sappia che non sei mai stata dimenticata. Il nostro amore per te non ha mai avuto confini e continueremo a cercarti finch\u00e9 non ti troveremo e finch\u00e9 non avremo quella risposta che aspettiamo da tanti anni. Denise, noi ti aspettiamo. Non smetteremo mai di cercarti\u201d.\u00a0<br \/>\nIL SINDACO DI MAZARA DEL VALLO \u201cFERITA ANCORA APERTA E DOLOROSA\u201d<br \/>\n\u201cIl rapimento di Denise Pipitone, avvenuto il primo settembre di 22 anni fa, \u00e8 una ferita aperta e dolorosa innanzitutto per la famiglia di Denise ma anche per tutta quella parte sana della nostra comunit\u00e0, che \u00e8 la stragrande maggioranza, che \u00e8 rimasta profondamente scossa dal quel gesto criminale ancora senza giustizia\u201d. Lo scrive in una nota il Sindaco di Mazara del Vallo Salvatore Quinci nel giorno del 22 anniversario della scomparsa di Denise Pipitone. \u201cRitrovare un giorno Denise sana e salva, poterla riabbracciare, \u00e8 il sogno dei suoi cari e tutti noi e la speranza non \u00e8 mai tramontata nonostante siano trascorsi ben 22 anni\u201d -continua il primo cittadino. \u201cin questo triste giorno rinnoviamo la vicinanza e l\u2019affetto ai genitori, Piera Maggio e Piero Pulizzi, al fratello di Denise, Kevin, ma anche a tutti coloro che con Denise hanno vissuto i quasi 4 anni della sua vita prima del rapimento e che oggi soffrono per la sua scomparsa. Mi riferisco ai nonni, agli zii, ai cuginetti ed anche a Tony Pipitone che pur non essendo il padre naturale di Denise l\u2019ha cresciuta e amata come sua figlia. Del resto Denise \u00e8 diventata idealmente la figlia di tutti noi. Di quella Mazara del Vallo sana e laboriosa che nulla a che fare con coloro i quali \u2013 certamente pochi ed interessati \u2013 che forse avrebbero potuto dare un contributo alle indagini ed invece non lo hanno fatto\u201d \u2013 conclude \u2013 \u201cLa comunit\u00e0 di Mazara del Vallo continua a gridare Verit\u00e0 e Giustizia per Denise e spera un giorno di poterla riabbracciare!\u201d.\u00a0<br \/>\nFonte: IPA<br \/>\nUltima Ora \/ IPA.<\/p>\n","protected":false},"excerpt":{"rendered":"<p>MAZARA DEL VALLO (TRAPANI) Ultima Ora \/ IPA \u2013 \u201cAmore nostro, dal 1\u00b0 settembre 2004, il giorno in cui sei stata rapita quando avevi quasi 4 anni, la nostra vita \u00e8 cambiata per sempre.\u201c \u00c8 quanto si legge nella nota a firma di Piera Maggio e Pietro Pulizzi, genitori di Denise Pipitone, rapita 22 anni [&hellip;]<\/p>\n","protected":false},"author":1,"featured_media":0,"comment_status":"closed","ping_status":"open","sticky":false,"template":"","format":"standard","meta":{"_jetpack_newsletter_access":"","_jetpack_dont_email_post_to_subs":false,"_jetpack_newsletter_tier_id":0,"_jetpack_memberships_contains_paywalled_content":false,"fifu_image_url":"","fifu_image_alt":"","_jetpack_feature_clip_id":0,"_jetpack_memberships_contains_paid_content":false,"footnotes":"","jetpack_publicize_message":"","jetpack_publicize_feature_enabled":true,"jetpack_social_post_already_shared":true,"jetpack_social_options":{"image_generator_settings":{"template":"highway","default_image_id":0,"font":"","enabled":false},"version":2},"jetpack_post_was_ever_published":false},"categories":[5],"tags":[14],"class_list":["post-1888","post","type-post","status-publish","format-standard","hentry","category-ultime-notizie","tag-ultime"],"jetpack_publicize_connections":[],"jetpack_sharing_enabled":true,"jetpack_likes_enabled":true,"jetpack_featured_media_url":"","_links":{"self":[{"href":"https:\/\/ultima-ora.com\/index.php?rest_route=\/wp\/v2\/posts\/1888","targetHints":{"allow":["GET"]}}],"collection":[{"href":"https:\/\/ultima-ora.com\/index.php?rest_route=\/wp\/v2\/posts"}],"about":[{"href":"https:\/\/ultima-ora.com\/index.php?rest_route=\/wp\/v2\/types\/post"}],"author":[{"embeddable":true,"href":"https:\/\/ultima-ora.com\/index.php?rest_route=\/wp\/v2\/users\/1"}],"replies":[{"embeddable":true,"href":"https:\/\/ultima-ora.com\/index.php?rest_route=%2Fwp%2Fv2%2Fcomments&post=1888"}],"version-history":[{"count":0,"href":"https:\/\/ultima-ora.com\/index.php?rest_route=\/wp\/v2\/posts\/1888\/revisions"}],"wp:attachment":[{"href":"https:\/\/ultima-ora.com\/index.php?rest_route=%2Fwp%2Fv2%2Fmedia&parent=1888"}],"wp:term":[{"taxonomy":"category","embeddable":true,"href":"https:\/\/ultima-ora.com\/index.php?rest_route=%2Fwp%2Fv2%2Fcategories&post=1888"},{"taxonomy":"post_tag","embeddable":true,"href":"https:\/\/ultima-ora.com\/index.php?rest_route=%2Fwp%2Fv2%2Ftags&post=1888"}],"curies":[{"name":"wp","href":"https:\/\/api.w.org\/{rel}","templated":true}]}}