{"id":1901,"date":"2026-09-01T12:06:10","date_gmt":"2026-09-01T12:06:10","guid":{"rendered":"https:\/\/ultima-ora.com\/?p=1901"},"modified":"2026-09-01T12:06:10","modified_gmt":"2026-09-01T12:06:10","slug":"e-morto-a-26-anni-il-giovane-rimasto-ustionato-da-un-incendio-divampato-nel-palermitano-schifani-nessuna-pieta-per-chi-appicca-il-fuoco","status":"publish","type":"post","link":"https:\/\/ultima-ora.com\/?p=1901","title":{"rendered":"\u00c8 morto a 26 anni il giovane rimasto ustionato da un incendio divampato nel Palermitano, Schifani: \u201cNessuna piet\u00e0 per chi appicca il fuoco\u201d"},"content":{"rendered":"<p>PALERMO Ultima Ora \/ IPA \u2013 E\u2019 morto Salvatore Giglia, il giovane di 26 anni rimasto gravemente ustionato mentre tentava di spegnere un incendio divampato nei pressi della sua abitazione, a Ciminna, in provincia di Palermo. Il decesso \u00e8 avvenuto stamane nel reparto di Rianimazione dell\u2019ospedale Civico di Palermo, dove era stato ricoverato in gravi condizioni.<br \/>\n\u201cE\u2019 volato in cielo un angelo, un dolore immenso! La nostra comunit\u00e0 \u00e8 oggi profondamente colpita dalla prematura scomparsa di Salvatore Giglia, giovane di appena 26 anni \u2013 scrive su Facebook il sindaco Vito Filippo Barone -. Di fronte a una perdita cos\u00ec dolorosa e ingiusta, le parole sembrano non essere sufficienti. \u00c8 difficile accettare che una vita cos\u00ec giovane, con ancora tanti sogni, progetti e speranze davanti a s\u00e9, sia stata spezzata cos\u00ec presto. In questo momento di immenso dolore, desideriamo esprimere la nostra pi\u00f9 sincera vicinanza alla famiglia, agli amici e a tutte le persone che gli hanno voluto bene e che oggi ne piangono la scomparsa, facendoci interpreti del dolore e della commozione dell\u2019intera comunit\u00e0. In occasione delle esequie funebri sar\u00e0 proclamato il lutto cittadino. A nome di tutta la comunit\u00e0, le pi\u00f9 sentite condoglianze alla famiglia\u201d.<br \/>\nSCHIFANI \u201cNESSUNA PIETA\u2019 PER CHI APPICCA FUOCO\u201d<br \/>\n\u201cLa morte di Salvatore Giglia, a soli 26 anni, colpisce profondamente tutti noi. Ha perso la vita mentre cercava di difendere la sua terra e la sua casa dalle fiamme. Alla sua famiglia, ai suoi amici e a tutta la comunit\u00e0 di Ciminna esprimo la mia vicinanza e il pi\u00f9 sincero cordoglio di tutti i siciliani\u201d. Lo dichiara il presidente della Regione Renato Schifani. \u201cAl dolore \u2013 prosegue \u2013 si aggiunge una rabbia profonda. Se sar\u00e0 accertata la natura dolosa dell\u2019incendio, i responsabili dovranno essere individuati e puniti con la massima severit\u00e0 prevista dalla legge. Chi appicca un incendio non compie una bravata: mette deliberatamente a rischio vite umane, distrugge territori, minaccia case e comunit\u00e0 intere. Di fronte a comportamenti di questa gravit\u00e0 non possono esserci attenuanti, indulgenze o esitazioni. Servono pene esemplari, controlli serrati e un\u2019azione dello Stato inflessibile contro chi usa il fuoco come strumento di devastazione e di morte\u201d.\u00a0<br \/>\nL\u2019ARCIVESCOVO DI PALERMO PRESIEDERA\u2019 I FUNERALI DI DOMANI<br \/>\nSar\u00e0 l\u2019Arcivescovo di Palermo, monsignor Corrado Lorefice, a presiedere i funerali del giovane Salvatore Giglia, morto per le gravi ustioni riportate nel tentativo di arginare il fuoco durante l\u2019incendio divampato tre giorni fa alle porte di Ciminna. La celebrazione avr\u00e0 luogo domani, alle ore 16, nella Parrocchia Santa Maria Maddalena, Chiesa Madre di Ciminna, in provincia di Palermo. E\u2019 quanto si legge in una nota dell\u2019Arcidiocesi.<br \/>\nFonte: IPA<br \/>\nUltima Ora \/ IPA.<\/p>\n","protected":false},"excerpt":{"rendered":"<p>PALERMO Ultima Ora \/ IPA \u2013 E\u2019 morto Salvatore Giglia, il giovane di 26 anni rimasto gravemente ustionato mentre tentava di spegnere un incendio divampato nei pressi della sua abitazione, a Ciminna, in provincia di Palermo. Il decesso \u00e8 avvenuto stamane nel reparto di Rianimazione dell\u2019ospedale Civico di Palermo, dove era stato ricoverato in gravi [&hellip;]<\/p>\n","protected":false},"author":1,"featured_media":0,"comment_status":"closed","ping_status":"open","sticky":false,"template":"","format":"standard","meta":{"_jetpack_newsletter_access":"","_jetpack_dont_email_post_to_subs":false,"_jetpack_newsletter_tier_id":0,"_jetpack_memberships_contains_paywalled_content":false,"fifu_image_url":"","fifu_image_alt":"","_jetpack_feature_clip_id":0,"_jetpack_memberships_contains_paid_content":false,"footnotes":"","jetpack_publicize_message":"","jetpack_publicize_feature_enabled":true,"jetpack_social_post_already_shared":true,"jetpack_social_options":{"image_generator_settings":{"template":"highway","default_image_id":0,"font":"","enabled":false},"version":2},"jetpack_post_was_ever_published":false},"categories":[5],"tags":[14],"class_list":["post-1901","post","type-post","status-publish","format-standard","hentry","category-ultime-notizie","tag-ultime"],"jetpack_publicize_connections":[],"jetpack_sharing_enabled":true,"jetpack_likes_enabled":true,"jetpack_featured_media_url":"","_links":{"self":[{"href":"https:\/\/ultima-ora.com\/index.php?rest_route=\/wp\/v2\/posts\/1901","targetHints":{"allow":["GET"]}}],"collection":[{"href":"https:\/\/ultima-ora.com\/index.php?rest_route=\/wp\/v2\/posts"}],"about":[{"href":"https:\/\/ultima-ora.com\/index.php?rest_route=\/wp\/v2\/types\/post"}],"author":[{"embeddable":true,"href":"https:\/\/ultima-ora.com\/index.php?rest_route=\/wp\/v2\/users\/1"}],"replies":[{"embeddable":true,"href":"https:\/\/ultima-ora.com\/index.php?rest_route=%2Fwp%2Fv2%2Fcomments&post=1901"}],"version-history":[{"count":0,"href":"https:\/\/ultima-ora.com\/index.php?rest_route=\/wp\/v2\/posts\/1901\/revisions"}],"wp:attachment":[{"href":"https:\/\/ultima-ora.com\/index.php?rest_route=%2Fwp%2Fv2%2Fmedia&parent=1901"}],"wp:term":[{"taxonomy":"category","embeddable":true,"href":"https:\/\/ultima-ora.com\/index.php?rest_route=%2Fwp%2Fv2%2Fcategories&post=1901"},{"taxonomy":"post_tag","embeddable":true,"href":"https:\/\/ultima-ora.com\/index.php?rest_route=%2Fwp%2Fv2%2Ftags&post=1901"}],"curies":[{"name":"wp","href":"https:\/\/api.w.org\/{rel}","templated":true}]}}