{"id":1903,"date":"2026-09-01T12:11:09","date_gmt":"2026-09-01T12:11:09","guid":{"rendered":"https:\/\/ultima-ora.com\/?p=1903"},"modified":"2026-09-01T12:11:09","modified_gmt":"2026-09-01T12:11:09","slug":"e-morto-enzo-bianchi-fondatore-della-comunita-di-bose","status":"publish","type":"post","link":"https:\/\/ultima-ora.com\/?p=1903","title":{"rendered":"\u00c8 morto Enzo Bianchi, fondatore della Comunit\u00e0 di Bose"},"content":{"rendered":"<p>Ultima Ora &#8211; Si \u00e8 spento all&#8217;et\u00e0 di 83 anni fratel Enzo Bianchi, fondatore della Comunit\u00e0 monastica di Bose e adesso della Fraternit\u00e0 della Madia, vicino a Ivrea. Bianchi \u00e8 morto all&#8217;ospedale Molinette di Torino. Le sue condizioni si erano aggravate negli ultimi giorni, per uno scompenso renale che lo aveva portato in coma metabolico.<br \/>\nL&#8217;eredit\u00e0 spirituale di Enzo Bianchi attraversa il dialogo ecumenico, la riscoperta della Parola e una sofferta vicenda ecclesiale che lo port\u00f2 all&#8217;allontanamento dal monastero da lui creato. Papa Francesco lo stim\u00f2 profondamente, pur affidando al cardinale Parolin il difficile compito (non riuscito) di ricomporre una crisi mai del tutto sanata.<br \/>\nIl monaco piemontese lascia un vuoto profondo nel cristianesimo contemporaneo. Con lui scompare una delle figure pi\u00f9 originali del cattolico europeo, accanto al cardinale Carlo Maria Martini, come lui: un uomo capace di parlare ai credenti e ai non credenti, di costruire ponti tra le Chiese cristiane e di riportare la Sacra Scrittura al centro della vita spirituale di migliaia di persone.<br \/>\nLe origini di Bose: un laboratorio di ecumenismo<br \/>\nPer oltre mezzo secolo Bose \u00e8 stata la sua creatura, un laboratorio di ecumenismo dove cattolici, ortodossi e protestanti hanno condiviso la stessa vita monastica, anticipando molte delle intuizioni che sarebbero poi maturate nella Chiesa universale.<br \/>\nLa storia di Enzo Bianchi comincia nel 1965, quando, poco pi\u00f9 che ventenne e studente di Economia all&#8217;Universit\u00e0 di Torino, decide di ritirarsi in una cascina abbandonata a Magnano, nel Biellese. Non era e non volle essere sacerdote, ma un laico animato dal desiderio di vivere il Vangelo nella radicalit\u00e0 della vita comune. Attorno a lui, lentamente, si raccolsero uomini e donne appartenenti a diverse confessioni cristiane.<br \/>\nNacque cos\u00ec la Comunit\u00e0 di Bose, riconosciuta come una delle esperienze monastiche pi\u00f9 innovative del secondo Novecento. La liturgia curata, il silenzio, lo studio biblico e l&#8217;accoglienza fecero del monastero una meta di pellegrinaggi spirituali e un punto di riferimento per teologi, vescovi e intellettuali di tutta Europa.<br \/>\nBianchi \u00e8 stato consultore di diversi dicasteri vaticani, ha partecipato ai Sinodi dei vescovi convocati da Benedetto XVI e collaborato con numerosi patriarchi ortodossi, diventando uno dei principali interpreti del dialogo ecumenico inaugurato dal Concilio Vaticano II. Le sue opere &#8211; tradotte in decine di lingue &#8211; hanno avvicinato generazioni di lettori alla Bibbia con un linguaggio semplice, rigoroso e profondamente umano.<br \/>\nLe dimissioni, le tensioni e il decreto di allontanamento<br \/>\nLa grandezza spirituale di Enzo Bianchi convive, tuttavia, con una delle pagine pi\u00f9 dolorose della storia ecclesiale recente.<br \/>\nDella Comunit\u00e0 monastica di Bose, Bianchi era stato priore fino al 2017, quando rassegn\u00f2 volontariamente le dimissioni consegnando l&#8217;incarico a Luciano Manicardi, pur rimanendo all&#8217;interno del monastero. Quella successione, che avrebbe dovuto segnare un passaggio naturale, si trasform\u00f2 invece in una lunga stagione di tensioni interne.<br \/>\nDivergenze sulla gestione della comunit\u00e0, sull&#8217;autorit\u00e0 e sulla convivenza fraterna portarono la Santa Sede a disporre una visita apostolica nel 2019, rilevando come ci fosse un turbamento del clima fraterno all&#8217;interno della comunit\u00e0.<br \/>\nFu Papa Francesco a prendere in mano personalmente il dossier. Il Pontefice, che aveva sempre manifestato stima nei confronti del fondatore di Bose e ne apprezzava il contributo al dialogo tra le Chiese, affid\u00f2 per\u00f2 al cardinale Pietro Parolin, segretario di Stato, il delicatissimo compito di dare esecuzione alle decisioni maturate dopo la visita canonica.<br \/>\nNel maggio 2020 un decreto della Santa Sede dispose l&#8217;allontanamento di Enzo Bianchi e di altri membri dalla comunit\u00e0, ritenendo necessario ristabilire la serenit\u00e0 della vita fraterna. Quella decisione (profondamente ingiusta) provoc\u00f2 un profondo turbamento nel mondo ecclesiale. Molti la considerarono una ferita dolorosa, altri la giudicarono indispensabile per il bene della comunit\u00e0. Lo stesso Bianchi obbed\u00ec dopo mesi difficili, senza mai nascondere l&#8217;amarezza per una vicenda che defin\u00ec una delle prove pi\u00f9 dure della sua esistenza monastica.<br \/>\nLe cronache di quegli anni raccontano anche le incomprensioni con gli organismi vaticani chiamati a gestire il caso. Se Francesco continu\u00f2 a distinguere tra la persona e il problema comunitario, mantenendo nei confronti del monaco rispetto e attenzione, il rapporto con la Segreteria di Stato e con il cardinale Parolin fu inevitabilmente segnato dalla complessit\u00e0 dell&#8217;attuazione del provvedimento. Una frattura che non cancell\u00f2 per\u00f2 il riconoscimento del valore ecclesiale dell&#8217;opera costruita a Bose.<br \/>\nLa Fraternit\u00e0 della Madia: &#8220;Ricomincio come un monaco&#8221;<br \/>\nLontano da Bose, Enzo Bianchi non smise di essere monaco. Negli ultimi tempi, nel 2023, diede vita alla Fraternit\u00e0 della Madia, una piccola comunit\u00e0 nei pressi di Ivrea, scegliendo deliberatamente una dimensione essenziale.<br \/>\n&#8220;Ricomincio come un monaco&#8221;, disse presentando quella nuova esperienza. Non cercava una rifondazione di Bose, ma un ritorno alle origini: poche persone, preghiera, lavoro manuale, ospitalit\u00e0 e ascolto della Parola. Era il tentativo di trasformare una sconfitta personale in un nuovo cammino spirituale.<br \/>\nAnche negli ultimi mesi continu\u00f2 a scrivere. Nella sua rubrica pubblicata alla fine del 2024 rifletteva sul tempo presente con la lucidit\u00e0 che lo aveva sempre contraddistinto: parlava della pandemia, della crisi culturale dell&#8217;Europa, del ritorno della guerra e del rischio che il cristianesimo occidentale si riducesse a semplice patrimonio culturale. &#8220;Ci\u00f2 che mi interessa \u00e8 l&#8217;umanit\u00e0&#8221;, scriveva, ribadendo che il Vangelo non appartiene a una categoria religiosa, ma alla vita concreta delle donne e degli uomini.<br \/>\nL&#8217;eredit\u00e0 spirituale<br \/>\nLa sua eredit\u00e0 va ben oltre la vicenda di Bose. Enzo Bianchi ha contribuito come pochi a rendere familiare la lectio divina, ha restituito dignit\u00e0 al dialogo con l&#8217;ebraismo e con l&#8217;ortodossia, ha parlato della fede senza moralismi e della fragilit\u00e0 senza retorica. Per molti \u00e8 stato un padre spirituale; per altri un intellettuale capace di abitare le domande del nostro tempo senza rinunciare alla radicalit\u00e0 evangelica.<br \/>\nLa sua morte chiude una stagione irripetibile del monachesimo italiano, ma lascia aperta una domanda che ha attraversato tutta la sua vita: come vivere il Vangelo nella fraternit\u00e0, senza trasformare la Chiesa in una fortezza e senza perdere il coraggio del confronto?<br \/>\nForse \u00e8 proprio questa la sua eredit\u00e0 pi\u00f9 preziosa. Non l&#8217;immagine di un uomo senza conflitti, ma quella di un credente che ha conosciuto la gloria del riconoscimento ecclesiale e il dolore dell&#8217;incomprensione, rimanendo fino all&#8217;ultimo fedele alla propria vocazione di monaco.<\/p>\n","protected":false},"excerpt":{"rendered":"<p>Ultima Ora &#8211; Si \u00e8 spento all&#8217;et\u00e0 di 83 anni fratel Enzo Bianchi, fondatore della Comunit\u00e0 monastica di Bose e adesso della Fraternit\u00e0 della Madia, vicino a Ivrea. Bianchi \u00e8 morto all&#8217;ospedale Molinette di Torino. Le sue condizioni si erano aggravate negli ultimi giorni, per uno scompenso renale che lo aveva portato in coma metabolico. [&hellip;]<\/p>\n","protected":false},"author":2,"featured_media":0,"comment_status":"closed","ping_status":"open","sticky":false,"template":"","format":"standard","meta":{"_jetpack_newsletter_access":"","_jetpack_dont_email_post_to_subs":false,"_jetpack_newsletter_tier_id":0,"_jetpack_memberships_contains_paywalled_content":false,"fifu_image_url":"","fifu_image_alt":"","_jetpack_feature_clip_id":0,"_jetpack_memberships_contains_paid_content":false,"footnotes":"","jetpack_publicize_message":"","jetpack_publicize_feature_enabled":true,"jetpack_social_post_already_shared":true,"jetpack_social_options":{"image_generator_settings":{"template":"highway","default_image_id":0,"font":"","enabled":false},"version":2},"jetpack_post_was_ever_published":false},"categories":[7],"tags":[16],"class_list":["post-1903","post","type-post","status-publish","format-standard","hentry","category-notizie-italia","tag-italia"],"jetpack_publicize_connections":[],"jetpack_sharing_enabled":true,"jetpack_likes_enabled":true,"jetpack_featured_media_url":"","_links":{"self":[{"href":"https:\/\/ultima-ora.com\/index.php?rest_route=\/wp\/v2\/posts\/1903","targetHints":{"allow":["GET"]}}],"collection":[{"href":"https:\/\/ultima-ora.com\/index.php?rest_route=\/wp\/v2\/posts"}],"about":[{"href":"https:\/\/ultima-ora.com\/index.php?rest_route=\/wp\/v2\/types\/post"}],"author":[{"embeddable":true,"href":"https:\/\/ultima-ora.com\/index.php?rest_route=\/wp\/v2\/users\/2"}],"replies":[{"embeddable":true,"href":"https:\/\/ultima-ora.com\/index.php?rest_route=%2Fwp%2Fv2%2Fcomments&post=1903"}],"version-history":[{"count":0,"href":"https:\/\/ultima-ora.com\/index.php?rest_route=\/wp\/v2\/posts\/1903\/revisions"}],"wp:attachment":[{"href":"https:\/\/ultima-ora.com\/index.php?rest_route=%2Fwp%2Fv2%2Fmedia&parent=1903"}],"wp:term":[{"taxonomy":"category","embeddable":true,"href":"https:\/\/ultima-ora.com\/index.php?rest_route=%2Fwp%2Fv2%2Fcategories&post=1903"},{"taxonomy":"post_tag","embeddable":true,"href":"https:\/\/ultima-ora.com\/index.php?rest_route=%2Fwp%2Fv2%2Ftags&post=1903"}],"curies":[{"name":"wp","href":"https:\/\/api.w.org\/{rel}","templated":true}]}}