{"id":1906,"date":"2026-09-01T14:06:06","date_gmt":"2026-09-01T14:06:06","guid":{"rendered":"https:\/\/ultima-ora.com\/?p=1906"},"modified":"2026-09-01T14:06:06","modified_gmt":"2026-09-01T14:06:06","slug":"fontana-sindaco-di-milano-giusto-presentare-candidato-prima-possibile","status":"publish","type":"post","link":"https:\/\/ultima-ora.com\/?p=1906","title":{"rendered":"Fontana \u201cSindaco di Milano? Giusto presentare candidato prima possibile\u201d"},"content":{"rendered":"<p>MILANO Ultima Ora \/ IPA \u2013 \u201cLa candidatura di Burgio? Io credo che sia giusto indicare con un certo anticipo il candidato per dare ai cittadini la possibilit\u00e0 di conoscerlo, di conoscere le sue idee, di conoscere i suoi progetti, perch\u00e9 io credo che la scelta del sindaco sia una delle scelte pi\u00f9 importanti in assoluto\u201d. Lo ha dichiarato il presidente della Regione Lombardia Attilio Fontana a margine della presentazione del Gp d\u2019Italia 2026, in merito a Carmelo Burgio, il candidato di Futuro nazionale per le prossime elezioni comunali di Milano. \u201cIl Sindaco \u00e8 proprio la persona che \u00e8 pi\u00f9 vicina ai cittadini \u2013 ha ribadito -, quindi prima si facesse questa scelta credo meglio sarebbe. Ma lo dico per Milano, ma l\u2019ho detto per Varese che \u00e8 la mia citt\u00e0, credo che sia giusto\u201d, ha concluso.<br \/>\npia\/col5\/azn<\/p>\n","protected":false},"excerpt":{"rendered":"<p>MILANO Ultima Ora \/ IPA \u2013 \u201cLa candidatura di Burgio? Io credo che sia giusto indicare con un certo anticipo il candidato per dare ai cittadini la possibilit\u00e0 di conoscerlo, di conoscere le sue idee, di conoscere i suoi progetti, perch\u00e9 io credo che la scelta del sindaco sia una delle scelte pi\u00f9 importanti in [&hellip;]<\/p>\n","protected":false},"author":1,"featured_media":0,"comment_status":"closed","ping_status":"open","sticky":false,"template":"","format":"standard","meta":{"_jetpack_newsletter_access":"","_jetpack_dont_email_post_to_subs":false,"_jetpack_newsletter_tier_id":0,"_jetpack_memberships_contains_paywalled_content":false,"fifu_image_url":"","fifu_image_alt":"","_jetpack_feature_clip_id":0,"_jetpack_memberships_contains_paid_content":false,"footnotes":"","jetpack_publicize_message":"","jetpack_publicize_feature_enabled":true,"jetpack_social_post_already_shared":true,"jetpack_social_options":{"image_generator_settings":{"template":"highway","default_image_id":0,"font":"","enabled":false},"version":2},"jetpack_post_was_ever_published":false},"categories":[5],"tags":[14],"class_list":["post-1906","post","type-post","status-publish","format-standard","hentry","category-ultime-notizie","tag-ultime"],"jetpack_publicize_connections":[],"jetpack_sharing_enabled":true,"jetpack_likes_enabled":true,"jetpack_featured_media_url":"","_links":{"self":[{"href":"https:\/\/ultima-ora.com\/index.php?rest_route=\/wp\/v2\/posts\/1906","targetHints":{"allow":["GET"]}}],"collection":[{"href":"https:\/\/ultima-ora.com\/index.php?rest_route=\/wp\/v2\/posts"}],"about":[{"href":"https:\/\/ultima-ora.com\/index.php?rest_route=\/wp\/v2\/types\/post"}],"author":[{"embeddable":true,"href":"https:\/\/ultima-ora.com\/index.php?rest_route=\/wp\/v2\/users\/1"}],"replies":[{"embeddable":true,"href":"https:\/\/ultima-ora.com\/index.php?rest_route=%2Fwp%2Fv2%2Fcomments&post=1906"}],"version-history":[{"count":0,"href":"https:\/\/ultima-ora.com\/index.php?rest_route=\/wp\/v2\/posts\/1906\/revisions"}],"wp:attachment":[{"href":"https:\/\/ultima-ora.com\/index.php?rest_route=%2Fwp%2Fv2%2Fmedia&parent=1906"}],"wp:term":[{"taxonomy":"category","embeddable":true,"href":"https:\/\/ultima-ora.com\/index.php?rest_route=%2Fwp%2Fv2%2Fcategories&post=1906"},{"taxonomy":"post_tag","embeddable":true,"href":"https:\/\/ultima-ora.com\/index.php?rest_route=%2Fwp%2Fv2%2Ftags&post=1906"}],"curies":[{"name":"wp","href":"https:\/\/api.w.org\/{rel}","templated":true}]}}