{"id":1908,"date":"2026-09-01T14:06:06","date_gmt":"2026-09-01T14:06:06","guid":{"rendered":"https:\/\/ultima-ora.com\/?p=1908"},"modified":"2026-09-01T14:06:06","modified_gmt":"2026-09-01T14:06:06","slug":"pirelli-firma-il-weekend-del-gran-premio-ditalia-a-monza","status":"publish","type":"post","link":"https:\/\/ultima-ora.com\/?p=1908","title":{"rendered":"Pirelli firma il weekend del Gran Premio d\u2019Italia a Monza"},"content":{"rendered":"<p>ROMA Ultima Ora \/ IPA \u2013 \u00c8 la gara di casa per Pirelli e uno degli appuntamenti pi\u00f9 amati dai tifosi della Formula 1, grazie alla passione del pubblico e alla storicit\u00e0 del circuito che la ospita. Il prossimo fine settimana andr\u00e0 in scena a Monza il Formula 1 Pirelli Gran Premio d\u2019Italia 2026, giunto alla sua settantasettesima edizione. Il legame tra Pirelli e il Tempio della Velocit\u00e0, il circuito pi\u00f9 storico d\u2019Europa, non si limita alla vicinanza tra la sede dell\u2019azienda italiana e l\u2019autodromo, ma \u00e8 legato anche alle numerose vittorie conquistate con pneumatici Pirelli a Monza. Tra queste anche quella di Pietro Bordino sulla Fiat 804 nel Gran Premio che, il 10 settembre 1922, inaugur\u00f2 il tracciato appena costruito. Pirelli sar\u00e0 Title Sponsor del fine settimana di gara e celebrer\u00e0 il proprio rapporto con il Gran Premio d\u2019Italia attraverso il trofeo, realizzato da un duo artistico italiano, che sar\u00e0 sollevato dai primi tre classificati nella gara di domenica e un\u2019edizione speciale dei podium cap.<br \/>\nI tre piloti che domenica saliranno sul podio e il rappresentante del team vincitore potranno festeggiare l\u2019esito della gara sollevando il trofeo Fragile, opera d\u2019arte realizzata dal duo artistico vedovamazzei, formato da Stella Scala e Simeone Crispino. Per il fine settimana di Monza, Pirelli Design ha realizzato un\u2019edizione speciale del podium cap che sar\u00e0 indossata dai piloti che saliranno sul podio del Tempio della Velocit\u00e0. Il cappello, firmato dal designer Denis Dekovic, \u00e8 caratterizzato dall\u2019iconico colore Azzurro dello sport italiano ed \u00e8 impreziosito da ricami dorati e dalle inconfondibili corone d\u2019alloro del podio. La visiera nera a contrasto ha la scritta \u201cMonza\u201d. Sul lato un ricamo \u201cItalia 2026\u201d con quattro stelle dorate, accompagnato dalle date del fine settimana di gara. Nel Tempio della Velocit\u00e0 verranno utilizzate le tre mescole pi\u00f9 morbide della gamma: C3 come Hard, C4 come Medium e C5 come Soft. Sulla carta, tutte e tre le opzioni possono essere prese in considerazione per definire le strategie di gara della domenica, a condizione che le temperature non siano eccessivamente elevate.<br \/>\n\u2013 foto ufficio stampa Pirelli \u2013<br \/>\nUltima Ora \/ IPA.<\/p>\n","protected":false},"excerpt":{"rendered":"<p>ROMA Ultima Ora \/ IPA \u2013 \u00c8 la gara di casa per Pirelli e uno degli appuntamenti pi\u00f9 amati dai tifosi della Formula 1, grazie alla passione del pubblico e alla storicit\u00e0 del circuito che la ospita. Il prossimo fine settimana andr\u00e0 in scena a Monza il Formula 1 Pirelli Gran Premio d\u2019Italia 2026, giunto [&hellip;]<\/p>\n","protected":false},"author":1,"featured_media":0,"comment_status":"closed","ping_status":"open","sticky":false,"template":"","format":"standard","meta":{"_jetpack_newsletter_access":"","_jetpack_dont_email_post_to_subs":false,"_jetpack_newsletter_tier_id":0,"_jetpack_memberships_contains_paywalled_content":false,"fifu_image_url":"","fifu_image_alt":"","_jetpack_feature_clip_id":0,"_jetpack_memberships_contains_paid_content":false,"footnotes":"","jetpack_publicize_message":"","jetpack_publicize_feature_enabled":true,"jetpack_social_post_already_shared":true,"jetpack_social_options":{"image_generator_settings":{"template":"highway","default_image_id":0,"font":"","enabled":false},"version":2},"jetpack_post_was_ever_published":false},"categories":[5],"tags":[14],"class_list":["post-1908","post","type-post","status-publish","format-standard","hentry","category-ultime-notizie","tag-ultime"],"jetpack_publicize_connections":[],"jetpack_sharing_enabled":true,"jetpack_likes_enabled":true,"jetpack_featured_media_url":"","_links":{"self":[{"href":"https:\/\/ultima-ora.com\/index.php?rest_route=\/wp\/v2\/posts\/1908","targetHints":{"allow":["GET"]}}],"collection":[{"href":"https:\/\/ultima-ora.com\/index.php?rest_route=\/wp\/v2\/posts"}],"about":[{"href":"https:\/\/ultima-ora.com\/index.php?rest_route=\/wp\/v2\/types\/post"}],"author":[{"embeddable":true,"href":"https:\/\/ultima-ora.com\/index.php?rest_route=\/wp\/v2\/users\/1"}],"replies":[{"embeddable":true,"href":"https:\/\/ultima-ora.com\/index.php?rest_route=%2Fwp%2Fv2%2Fcomments&post=1908"}],"version-history":[{"count":0,"href":"https:\/\/ultima-ora.com\/index.php?rest_route=\/wp\/v2\/posts\/1908\/revisions"}],"wp:attachment":[{"href":"https:\/\/ultima-ora.com\/index.php?rest_route=%2Fwp%2Fv2%2Fmedia&parent=1908"}],"wp:term":[{"taxonomy":"category","embeddable":true,"href":"https:\/\/ultima-ora.com\/index.php?rest_route=%2Fwp%2Fv2%2Fcategories&post=1908"},{"taxonomy":"post_tag","embeddable":true,"href":"https:\/\/ultima-ora.com\/index.php?rest_route=%2Fwp%2Fv2%2Ftags&post=1908"}],"curies":[{"name":"wp","href":"https:\/\/api.w.org\/{rel}","templated":true}]}}