{"id":2028,"date":"2026-09-02T16:06:07","date_gmt":"2026-09-02T16:06:07","guid":{"rendered":"https:\/\/ultima-ora.com\/?p=2028"},"modified":"2026-09-02T16:06:07","modified_gmt":"2026-09-02T16:06:07","slug":"caffe-sempre-piu-caro-gli-italiani-riscoprono-la-moka","status":"publish","type":"post","link":"https:\/\/ultima-ora.com\/?p=2028","title":{"rendered":"Caff\u00e8 sempre pi\u00f9 caro, gli italiani riscoprono la moka"},"content":{"rendered":"<p>ROMA Ultima Ora \/ IPA \u2013 Gli italiani riscoprono la moka per difendersi dal caro-caff\u00e8. Il prezzo della materia prima continua a risentire delle difficolt\u00e0 sui mercati internazionali e degli eventi meteorologici estremi che hanno colpito i raccolti in Paesi produttori come Vietnam e Brasile.<br \/>\nUna pressione che rischia di trasferirsi sulla tazzina al bar e sugli scaffali dei supermercati, dove aumentano i costi di miscele, capsule e cialde.<br \/>\nAl bar, un espresso costa ormai mediamente tra 1,30 e 1,50 euro. Per una coppia che consuma due caff\u00e8 al giorno, la spesa pu\u00f2 superare i 120 euro al mese.<br \/>\nA casa, le capsule originali costano invece tra 40 e 55 centesimi l\u2019una: quattro caff\u00e8 al giorno possono significare oltre 60 euro al mese.<br \/>\nE cos\u00ec torna protagonista la vecchia moka. Con un pacco di caff\u00e8 macinato da 250 grammi, dal costo medio di circa 3,20 euro, una tazzina costa appena 9 centesimi. Quattro caff\u00e8 al giorno fanno circa 11 euro al mese.<br \/>\nUna differenza che pu\u00f2 pesare sul bilancio familiare e che trasforma un piccolo gesto quotidiano in una scelta anche economica: tra comodit\u00e0, gusto e risparmio, la moka torna a farsi spazio nelle cucine degli italiani.<br \/>\nmgg\/azn<\/p>\n","protected":false},"excerpt":{"rendered":"<p>ROMA Ultima Ora \/ IPA \u2013 Gli italiani riscoprono la moka per difendersi dal caro-caff\u00e8. Il prezzo della materia prima continua a risentire delle difficolt\u00e0 sui mercati internazionali e degli eventi meteorologici estremi che hanno colpito i raccolti in Paesi produttori come Vietnam e Brasile. Una pressione che rischia di trasferirsi sulla tazzina al bar [&hellip;]<\/p>\n","protected":false},"author":1,"featured_media":0,"comment_status":"closed","ping_status":"open","sticky":false,"template":"","format":"standard","meta":{"_jetpack_newsletter_access":"","_jetpack_dont_email_post_to_subs":false,"_jetpack_newsletter_tier_id":0,"_jetpack_memberships_contains_paywalled_content":false,"fifu_image_url":"","fifu_image_alt":"","_jetpack_feature_clip_id":0,"_jetpack_memberships_contains_paid_content":false,"footnotes":"","jetpack_publicize_message":"","jetpack_publicize_feature_enabled":true,"jetpack_social_post_already_shared":true,"jetpack_social_options":{"image_generator_settings":{"template":"highway","default_image_id":0,"font":"","enabled":false},"version":2},"jetpack_post_was_ever_published":false},"categories":[5],"tags":[14],"class_list":["post-2028","post","type-post","status-publish","format-standard","hentry","category-ultime-notizie","tag-ultime"],"jetpack_publicize_connections":[],"jetpack_sharing_enabled":true,"jetpack_likes_enabled":true,"jetpack_featured_media_url":"","_links":{"self":[{"href":"https:\/\/ultima-ora.com\/index.php?rest_route=\/wp\/v2\/posts\/2028","targetHints":{"allow":["GET"]}}],"collection":[{"href":"https:\/\/ultima-ora.com\/index.php?rest_route=\/wp\/v2\/posts"}],"about":[{"href":"https:\/\/ultima-ora.com\/index.php?rest_route=\/wp\/v2\/types\/post"}],"author":[{"embeddable":true,"href":"https:\/\/ultima-ora.com\/index.php?rest_route=\/wp\/v2\/users\/1"}],"replies":[{"embeddable":true,"href":"https:\/\/ultima-ora.com\/index.php?rest_route=%2Fwp%2Fv2%2Fcomments&post=2028"}],"version-history":[{"count":0,"href":"https:\/\/ultima-ora.com\/index.php?rest_route=\/wp\/v2\/posts\/2028\/revisions"}],"wp:attachment":[{"href":"https:\/\/ultima-ora.com\/index.php?rest_route=%2Fwp%2Fv2%2Fmedia&parent=2028"}],"wp:term":[{"taxonomy":"category","embeddable":true,"href":"https:\/\/ultima-ora.com\/index.php?rest_route=%2Fwp%2Fv2%2Fcategories&post=2028"},{"taxonomy":"post_tag","embeddable":true,"href":"https:\/\/ultima-ora.com\/index.php?rest_route=%2Fwp%2Fv2%2Ftags&post=2028"}],"curies":[{"name":"wp","href":"https:\/\/api.w.org\/{rel}","templated":true}]}}