{"id":2033,"date":"2026-09-02T16:16:06","date_gmt":"2026-09-02T16:16:06","guid":{"rendered":"https:\/\/ultima-ora.com\/?p=2033"},"modified":"2026-09-02T16:16:06","modified_gmt":"2026-09-02T16:16:06","slug":"damico-kone-nessuna-offerta","status":"publish","type":"post","link":"https:\/\/ultima-ora.com\/?p=2033","title":{"rendered":"D&#8217;AMICO: &#8220;KONE&#8217;? NESSUNA OFFERTA&#8221;"},"content":{"rendered":"<p>&#8220;Sapevamo cosa fare e quali fossero gli obiettivi. La soddisfazione per il mercato la valuteremo a fine anno. Non c&#8217;\u00e8 alcun rammarico, siamo felici di tutti i ragazzi che sono arrivati. Numericamente siamo un po&#8217; corti, per\u00f2 potremo intervenire a gennaio. Kon\u00e8? I contatti con il Chelsea ci sono stati, ma nessuna offerta&#8221;. Cos\u00ec il direttore sportivo giallorosso Tony D&#8217;Amico.<br \/>\nArrivano indicazioni piuttosto positive per Lorenzo Pellegrini, che in settimana dovrebbe tornare in gruppo. Il centrocampista mette nel mirino la partita contro il Torino del 14 settembre.<br \/>\n Ultima Ora Calcio<\/p>\n","protected":false},"excerpt":{"rendered":"<p>&#8220;Sapevamo cosa fare e quali fossero gli obiettivi. La soddisfazione per il mercato la valuteremo a fine anno. Non c&#8217;\u00e8 alcun rammarico, siamo felici di tutti i ragazzi che sono arrivati. Numericamente siamo un po&#8217; corti, per\u00f2 potremo intervenire a gennaio. Kon\u00e8? I contatti con il Chelsea ci sono stati, ma nessuna offerta&#8221;. Cos\u00ec il [&hellip;]<\/p>\n","protected":false},"author":2,"featured_media":0,"comment_status":"closed","ping_status":"open","sticky":false,"template":"","format":"standard","meta":{"_jetpack_newsletter_access":"","_jetpack_dont_email_post_to_subs":false,"_jetpack_newsletter_tier_id":0,"_jetpack_memberships_contains_paywalled_content":false,"fifu_image_url":"","fifu_image_alt":"","_jetpack_feature_clip_id":0,"_jetpack_memberships_contains_paid_content":false,"footnotes":"","jetpack_publicize_message":"","jetpack_publicize_feature_enabled":true,"jetpack_social_post_already_shared":true,"jetpack_social_options":{"image_generator_settings":{"template":"highway","default_image_id":0,"font":"","enabled":false},"version":2},"jetpack_post_was_ever_published":false},"categories":[8],"tags":[9],"class_list":["post-2033","post","type-post","status-publish","format-standard","hentry","category-notizie-di-calcio","tag-calcio"],"jetpack_publicize_connections":[],"jetpack_sharing_enabled":true,"jetpack_likes_enabled":true,"jetpack_featured_media_url":"","_links":{"self":[{"href":"https:\/\/ultima-ora.com\/index.php?rest_route=\/wp\/v2\/posts\/2033","targetHints":{"allow":["GET"]}}],"collection":[{"href":"https:\/\/ultima-ora.com\/index.php?rest_route=\/wp\/v2\/posts"}],"about":[{"href":"https:\/\/ultima-ora.com\/index.php?rest_route=\/wp\/v2\/types\/post"}],"author":[{"embeddable":true,"href":"https:\/\/ultima-ora.com\/index.php?rest_route=\/wp\/v2\/users\/2"}],"replies":[{"embeddable":true,"href":"https:\/\/ultima-ora.com\/index.php?rest_route=%2Fwp%2Fv2%2Fcomments&post=2033"}],"version-history":[{"count":0,"href":"https:\/\/ultima-ora.com\/index.php?rest_route=\/wp\/v2\/posts\/2033\/revisions"}],"wp:attachment":[{"href":"https:\/\/ultima-ora.com\/index.php?rest_route=%2Fwp%2Fv2%2Fmedia&parent=2033"}],"wp:term":[{"taxonomy":"category","embeddable":true,"href":"https:\/\/ultima-ora.com\/index.php?rest_route=%2Fwp%2Fv2%2Fcategories&post=2033"},{"taxonomy":"post_tag","embeddable":true,"href":"https:\/\/ultima-ora.com\/index.php?rest_route=%2Fwp%2Fv2%2Ftags&post=2033"}],"curies":[{"name":"wp","href":"https:\/\/api.w.org\/{rel}","templated":true}]}}