{"id":2034,"date":"2026-09-02T16:16:06","date_gmt":"2026-09-02T16:16:06","guid":{"rendered":"https:\/\/ultima-ora.com\/?p=2034"},"modified":"2026-09-02T16:16:06","modified_gmt":"2026-09-02T16:16:06","slug":"ausilio-dice-addio-dopo-28-anni","status":"publish","type":"post","link":"https:\/\/ultima-ora.com\/?p=2034","title":{"rendered":"AUSILIO DICE ADDIO DOPO 28 ANNI"},"content":{"rendered":"<p>All&#8217;indomani della conclusione del calciomercato estivo, la societ\u00e0 nerazzurra ha annunciato l&#8217;addio di Piero Ausilio, che lascia il suo ruolo di direttore sportivo dopo 28 anni. &#8220;E&#8217; arrivato il momento pi\u00f9 complicato, salutare quella che per me \u00e8 una seconda pelle.<br \/>\nL&#8217;Inter \u00e8 nel mio sangue, \u00e8 l&#8217;aria che ho respirato ogni giorno. Lascio questo ruolo, ma non mi staccher\u00f2 mai da questi colori&#8221;, dichiara Ausilio.<br \/>\nDario Baccin nuovo Chief Sport Officer.<br \/>\n&#8220;Conosce bene il club, \u00e8 pronto per assumere questo ruolo&#8221;, assicura il presidente Giuseppe Marotta.<br \/>\n Ultima Ora Calcio<\/p>\n","protected":false},"excerpt":{"rendered":"<p>All&#8217;indomani della conclusione del calciomercato estivo, la societ\u00e0 nerazzurra ha annunciato l&#8217;addio di Piero Ausilio, che lascia il suo ruolo di direttore sportivo dopo 28 anni. &#8220;E&#8217; arrivato il momento pi\u00f9 complicato, salutare quella che per me \u00e8 una seconda pelle. L&#8217;Inter \u00e8 nel mio sangue, \u00e8 l&#8217;aria che ho respirato ogni giorno. Lascio questo [&hellip;]<\/p>\n","protected":false},"author":2,"featured_media":0,"comment_status":"closed","ping_status":"open","sticky":false,"template":"","format":"standard","meta":{"_jetpack_newsletter_access":"","_jetpack_dont_email_post_to_subs":false,"_jetpack_newsletter_tier_id":0,"_jetpack_memberships_contains_paywalled_content":false,"fifu_image_url":"","fifu_image_alt":"","_jetpack_feature_clip_id":0,"_jetpack_memberships_contains_paid_content":false,"footnotes":"","jetpack_publicize_message":"","jetpack_publicize_feature_enabled":true,"jetpack_social_post_already_shared":true,"jetpack_social_options":{"image_generator_settings":{"template":"highway","default_image_id":0,"font":"","enabled":false},"version":2},"jetpack_post_was_ever_published":false},"categories":[8],"tags":[9],"class_list":["post-2034","post","type-post","status-publish","format-standard","hentry","category-notizie-di-calcio","tag-calcio"],"jetpack_publicize_connections":[],"jetpack_sharing_enabled":true,"jetpack_likes_enabled":true,"jetpack_featured_media_url":"","_links":{"self":[{"href":"https:\/\/ultima-ora.com\/index.php?rest_route=\/wp\/v2\/posts\/2034","targetHints":{"allow":["GET"]}}],"collection":[{"href":"https:\/\/ultima-ora.com\/index.php?rest_route=\/wp\/v2\/posts"}],"about":[{"href":"https:\/\/ultima-ora.com\/index.php?rest_route=\/wp\/v2\/types\/post"}],"author":[{"embeddable":true,"href":"https:\/\/ultima-ora.com\/index.php?rest_route=\/wp\/v2\/users\/2"}],"replies":[{"embeddable":true,"href":"https:\/\/ultima-ora.com\/index.php?rest_route=%2Fwp%2Fv2%2Fcomments&post=2034"}],"version-history":[{"count":0,"href":"https:\/\/ultima-ora.com\/index.php?rest_route=\/wp\/v2\/posts\/2034\/revisions"}],"wp:attachment":[{"href":"https:\/\/ultima-ora.com\/index.php?rest_route=%2Fwp%2Fv2%2Fmedia&parent=2034"}],"wp:term":[{"taxonomy":"category","embeddable":true,"href":"https:\/\/ultima-ora.com\/index.php?rest_route=%2Fwp%2Fv2%2Fcategories&post=2034"},{"taxonomy":"post_tag","embeddable":true,"href":"https:\/\/ultima-ora.com\/index.php?rest_route=%2Fwp%2Fv2%2Ftags&post=2034"}],"curies":[{"name":"wp","href":"https:\/\/api.w.org\/{rel}","templated":true}]}}