{"id":2036,"date":"2026-09-02T17:11:05","date_gmt":"2026-09-02T17:11:05","guid":{"rendered":"https:\/\/ultima-ora.com\/?p=2036"},"modified":"2026-09-02T17:11:05","modified_gmt":"2026-09-02T17:11:05","slug":"si-del-veneto-alla-legge-sul-fine-vita","status":"publish","type":"post","link":"https:\/\/ultima-ora.com\/?p=2036","title":{"rendered":"S\u00ec del Veneto alla legge sul fine vita"},"content":{"rendered":"<p>Ultima Ora &#8211; Il Veneto si unisce a Toscana, Sardegna ed Emilia-Romagna e diventa la quarta regione in Italia ad aver approvato la legge di iniziativa popolare sul fine vita ed \u00e8 la prima regione amministrata dal centrodestra a farlo. La legge sul suicidio medicalmente assistito \u00e8 stata approvata con una votazione veloce, nonostante le tensioni.\u00a0<br \/>\nZaia: &#8220;Dal Veneto una legge di civilt\u00e0&#8221;<br \/>\n&#8220;L&#8217;approvazione della legge sul fine vita rappresenta un risultato importante e un atto di responsabilit\u00e0 del Consiglio regionale del Veneto. \u00c8 stata una discussione complessa e profonda, che ha coinvolto le coscienze prima ancora delle appartenenze politiche. Oggi il Parlamento dei Veneti ha scelto di non voltarsi dall&#8217;altra parte e di dare una risposta concreta a persone che vivono condizioni di sofferenza estrema. Personalmente sono orgoglioso di una politica regionale che, su un tema cos\u00ec delicato, ha saputo mostrare il volto migliore delle istituzioni: ascoltare, approfondire, confrontarsi con seriet\u00e0 e, infine, assumersi fino in fondo la responsabilit\u00e0 di decidere e di indicare una strada&#8221;. Cos\u00ec il presidente del Consiglio regionale del Veneto, Luca Zaia.<br \/>\nCalenda: &#8220;Il Veneto fa quello che lo Stato non fa, assurdo&#8221;<br \/>\n&#8220;Nel frattempo il Parlamento italiano \u00e8 fermo da sette anni, nonostante la sentenza 242 della Corte costituzionale. \u00c8 una situazione francamente assurda: le Regioni intervengono perch\u00e9 lo Stato non fa il suo lavoro. E mentre la politica rinvia, ci sono malati e famiglie che aspettano. Azione ha votato a favore della legge in Veneto. Ma non possiamo continuare a lasciare alle Regioni il compito di sostituirsi al Parlamento. Serve una legge nazionale che dia attuazione alla sentenza della Consulta, senza restringerne le condizioni. Ogni mese di ritardo non \u00e8 un problema politico o di equilibri parlamentari. \u00c8 un mese in pi\u00f9 di sofferenza e di incertezza per persone e famiglie che aspettano semplicemente che lo Stato si assuma la responsabilit\u00e0 di decidere&#8221;. Lo afferma il leader di Azione Carlo Calenda.<br \/>\n\u00a0<\/p>\n","protected":false},"excerpt":{"rendered":"<p>Ultima Ora &#8211; Il Veneto si unisce a Toscana, Sardegna ed Emilia-Romagna e diventa la quarta regione in Italia ad aver approvato la legge di iniziativa popolare sul fine vita ed \u00e8 la prima regione amministrata dal centrodestra a farlo. La legge sul suicidio medicalmente assistito \u00e8 stata approvata con una votazione veloce, nonostante le [&hellip;]<\/p>\n","protected":false},"author":2,"featured_media":0,"comment_status":"closed","ping_status":"open","sticky":false,"template":"","format":"standard","meta":{"_jetpack_newsletter_access":"","_jetpack_dont_email_post_to_subs":false,"_jetpack_newsletter_tier_id":0,"_jetpack_memberships_contains_paywalled_content":false,"fifu_image_url":"","fifu_image_alt":"","_jetpack_feature_clip_id":0,"_jetpack_memberships_contains_paid_content":false,"footnotes":"","jetpack_publicize_message":"","jetpack_publicize_feature_enabled":true,"jetpack_social_post_already_shared":true,"jetpack_social_options":{"image_generator_settings":{"template":"highway","default_image_id":0,"font":"","enabled":false},"version":2},"jetpack_post_was_ever_published":false},"categories":[7],"tags":[16],"class_list":["post-2036","post","type-post","status-publish","format-standard","hentry","category-notizie-italia","tag-italia"],"jetpack_publicize_connections":[],"jetpack_sharing_enabled":true,"jetpack_likes_enabled":true,"jetpack_featured_media_url":"","_links":{"self":[{"href":"https:\/\/ultima-ora.com\/index.php?rest_route=\/wp\/v2\/posts\/2036","targetHints":{"allow":["GET"]}}],"collection":[{"href":"https:\/\/ultima-ora.com\/index.php?rest_route=\/wp\/v2\/posts"}],"about":[{"href":"https:\/\/ultima-ora.com\/index.php?rest_route=\/wp\/v2\/types\/post"}],"author":[{"embeddable":true,"href":"https:\/\/ultima-ora.com\/index.php?rest_route=\/wp\/v2\/users\/2"}],"replies":[{"embeddable":true,"href":"https:\/\/ultima-ora.com\/index.php?rest_route=%2Fwp%2Fv2%2Fcomments&post=2036"}],"version-history":[{"count":0,"href":"https:\/\/ultima-ora.com\/index.php?rest_route=\/wp\/v2\/posts\/2036\/revisions"}],"wp:attachment":[{"href":"https:\/\/ultima-ora.com\/index.php?rest_route=%2Fwp%2Fv2%2Fmedia&parent=2036"}],"wp:term":[{"taxonomy":"category","embeddable":true,"href":"https:\/\/ultima-ora.com\/index.php?rest_route=%2Fwp%2Fv2%2Fcategories&post=2036"},{"taxonomy":"post_tag","embeddable":true,"href":"https:\/\/ultima-ora.com\/index.php?rest_route=%2Fwp%2Fv2%2Ftags&post=2036"}],"curies":[{"name":"wp","href":"https:\/\/api.w.org\/{rel}","templated":true}]}}