{"id":2037,"date":"2026-09-02T17:11:05","date_gmt":"2026-09-02T17:11:05","guid":{"rendered":"https:\/\/ultima-ora.com\/?p=2037"},"modified":"2026-09-02T17:11:05","modified_gmt":"2026-09-02T17:11:05","slug":"gli-inviati-di-report-aperto-un-canale-con-la-rai-si-punta-ad-andare-in-onda-l8-novembre","status":"publish","type":"post","link":"https:\/\/ultima-ora.com\/?p=2037","title":{"rendered":"Gli inviati di Report: &#8220;Aperto un canale con la Rai&#8221;. Si punta ad andare in onda l&#8217;8 novembre"},"content":{"rendered":"<p>Ultima Ora &#8211; \u201cOggi abbiamo aperto un canale di comunicazione con la Rai. L\u2019interesse di tutti \u00e8 andare in onda l\u20198 novembre con\u00a0Report, con la consueta\u00a0autonomia\u00a0e\u00a0indipendenza. \u00c8 questo che abbiamo fatto presente all\u2019azienda\u201d. Lo ha detto\u00a0Danilo Procaccianti, uno degli inviati esterni di\u00a0Report, al termine dell\u2019incontro che si \u00e8 svolto in via Teulada tra la redazione del programma e il direttore degli Approfondimenti,\u00a0Paolo Corsini.<br \/>\nAperto un canale di comunicazione con la Rai<br \/>\nNel corso dell\u2019incontro, ha ribadito, \u201csi \u00e8 aperto un\u00a0canale di comunicazione\u00a0e questo per noi \u00e8 positivo. Adesso aspetteremo di capire quali sono le\u00a0decisioni dell\u2019azienda\u201d.<br \/>\nNessun confronto sui nomi o sulla conduzione<br \/>\n\u201cNon si \u00e8 parlato di nomi, non abbiamo voluto farlo perch\u00e9 per noi \u00e8 importante che\u00a0Report\u00a0vada in onda con la consueta\u00a0autonomia\u00a0e\u00a0indipendenza, e deve andare in onda l\u20198 novembre. La\u00a0squadra\u00a0\u00e8 disponibile a questo e su tale obiettivo abbiamo dialogato positivamente con l\u2019azienda.\u00a0Ci siamo dati del tempo, tra le prossime 12 e 24 ore\u201d, ha spiegato Procaccianti.<br \/>\nQuesta \u201cera un\u2019assemblea, non un incontro di trattativa. Non si \u00e8 parlato n\u00e9 di nomi n\u00e9 di modalit\u00e0 di conduzione, ma soltanto di\u00a0autonomia\u00a0e\u00a0indipendenza\u00a0di\u00a0Report, che penso siano gli aspetti che interessano a tutti\u201d.<br \/>\nCon i conduttori scelti dalla\u00a0Rai al posto di Sigfrido Ranucci, e cio\u00e8\u00a0Daniele Piervincenzi\u00a0e\u00a0Giulia Presutti, \u201cnon ci siamo incrociati. Non erano presenti all\u2019incontro\u201d, ha precisato\u00a0Procaccianti.<\/p>\n","protected":false},"excerpt":{"rendered":"<p>Ultima Ora &#8211; \u201cOggi abbiamo aperto un canale di comunicazione con la Rai. L\u2019interesse di tutti \u00e8 andare in onda l\u20198 novembre con\u00a0Report, con la consueta\u00a0autonomia\u00a0e\u00a0indipendenza. \u00c8 questo che abbiamo fatto presente all\u2019azienda\u201d. Lo ha detto\u00a0Danilo Procaccianti, uno degli inviati esterni di\u00a0Report, al termine dell\u2019incontro che si \u00e8 svolto in via Teulada tra la redazione [&hellip;]<\/p>\n","protected":false},"author":2,"featured_media":0,"comment_status":"closed","ping_status":"open","sticky":false,"template":"","format":"standard","meta":{"_jetpack_newsletter_access":"","_jetpack_dont_email_post_to_subs":false,"_jetpack_newsletter_tier_id":0,"_jetpack_memberships_contains_paywalled_content":false,"fifu_image_url":"","fifu_image_alt":"","_jetpack_feature_clip_id":0,"_jetpack_memberships_contains_paid_content":false,"footnotes":"","jetpack_publicize_message":"","jetpack_publicize_feature_enabled":true,"jetpack_social_post_already_shared":true,"jetpack_social_options":{"image_generator_settings":{"template":"highway","default_image_id":0,"font":"","enabled":false},"version":2},"jetpack_post_was_ever_published":false},"categories":[7],"tags":[16],"class_list":["post-2037","post","type-post","status-publish","format-standard","hentry","category-notizie-italia","tag-italia"],"jetpack_publicize_connections":[],"jetpack_sharing_enabled":true,"jetpack_likes_enabled":true,"jetpack_featured_media_url":"","_links":{"self":[{"href":"https:\/\/ultima-ora.com\/index.php?rest_route=\/wp\/v2\/posts\/2037","targetHints":{"allow":["GET"]}}],"collection":[{"href":"https:\/\/ultima-ora.com\/index.php?rest_route=\/wp\/v2\/posts"}],"about":[{"href":"https:\/\/ultima-ora.com\/index.php?rest_route=\/wp\/v2\/types\/post"}],"author":[{"embeddable":true,"href":"https:\/\/ultima-ora.com\/index.php?rest_route=\/wp\/v2\/users\/2"}],"replies":[{"embeddable":true,"href":"https:\/\/ultima-ora.com\/index.php?rest_route=%2Fwp%2Fv2%2Fcomments&post=2037"}],"version-history":[{"count":0,"href":"https:\/\/ultima-ora.com\/index.php?rest_route=\/wp\/v2\/posts\/2037\/revisions"}],"wp:attachment":[{"href":"https:\/\/ultima-ora.com\/index.php?rest_route=%2Fwp%2Fv2%2Fmedia&parent=2037"}],"wp:term":[{"taxonomy":"category","embeddable":true,"href":"https:\/\/ultima-ora.com\/index.php?rest_route=%2Fwp%2Fv2%2Fcategories&post=2037"},{"taxonomy":"post_tag","embeddable":true,"href":"https:\/\/ultima-ora.com\/index.php?rest_route=%2Fwp%2Fv2%2Ftags&post=2037"}],"curies":[{"name":"wp","href":"https:\/\/api.w.org\/{rel}","templated":true}]}}