{"id":2052,"date":"2026-09-02T20:06:06","date_gmt":"2026-09-02T20:06:06","guid":{"rendered":"https:\/\/ultima-ora.com\/?p=2052"},"modified":"2026-09-02T20:06:06","modified_gmt":"2026-09-02T20:06:06","slug":"fine-vita-il-veneto-approva-la-legge-e-la-quarta-regione-italiana-a-farlo-la-prima-del-centrodestra","status":"publish","type":"post","link":"https:\/\/ultima-ora.com\/?p=2052","title":{"rendered":"Fine vita, il Veneto approva la legge: \u00e8 la quarta regione italiana a farlo, la prima del centrodestra"},"content":{"rendered":"<p>VENEZIA Ultima Ora \/ IPA \u2013 Con 32 voti favorevoli, 5 astenuti e 14 contrari, il Consiglio regionale del Veneto ha approvato la legge di iniziativa popolare sul fine vita. Si tratta della quarta regione italiana ad approvare un provvedimento sul suicidio medicalmente assistito, dopo Toscana, Sardegna ed Emilia-Romagna, e della prima regione amministrata dal centrodestra.<br \/>\n\u201cOggi \u00e8 una giornata importante per il Veneto. L\u2019approvazione della legge sul fine vita \u00e8 un atto di responsabilit\u00e0 del Consiglio regionale. \u00c8 stata una discussione lunga, complessa e profonda, che ha coinvolto le coscienze prima ancora delle appartenenze politiche\u201d, ha scritto sui social il presidente del Consiglio regionale del Veneto, Luca Zaia. \u201cSono orgoglioso di un Consiglio regionale che ha scelto di non voltarsi dall\u2019altra parte e di dare una risposta concreta a persone che vivono condizioni di sofferenza estrema\u201d, prosegue. \u201cQuesta legge \u00e8 per i pazienti e per le loro famiglie, ma anche per i medici e gli operatori sanitari, che ogni giorno si confrontano con situazioni umane e professionali difficilissime. Da oggi avranno un quadro pi\u00f9 chiaro e uno strumento in pi\u00f9 per affrontarle\u201d, prosegue Zaia.<br \/>\n\u201cLo abbiamo detto fin dall\u2019inizio: questa legge non introduce il fine vita e non crea un nuovo diritto. Il perimetro \u00e8 stato tracciato dalla Corte costituzionale\u201d, ribadisce. \u201cIl Veneto ha scelto di fare la propria parte, nell\u2019ambito delle proprie competenze, organizzando e rendendo pi\u00f9 chiare le procedure. \u00c8 questo il compito della buona politica: ascoltare una domanda che arriva dai cittadini, confrontarsi nel merito e trasformarla in una risposta concreta\u201d. Il Veneto \u201cha dimostrato che anche sulle questioni pi\u00f9 profonde e divisive si pu\u00f2 discutere senza rinunciare alle proprie convinzioni, ma mettendo al centro le persone\u201d, conclude Zaia.<br \/>\nFonte: IPA<br \/>\nUltima Ora \/ IPA.<\/p>\n","protected":false},"excerpt":{"rendered":"<p>VENEZIA Ultima Ora \/ IPA \u2013 Con 32 voti favorevoli, 5 astenuti e 14 contrari, il Consiglio regionale del Veneto ha approvato la legge di iniziativa popolare sul fine vita. Si tratta della quarta regione italiana ad approvare un provvedimento sul suicidio medicalmente assistito, dopo Toscana, Sardegna ed Emilia-Romagna, e della prima regione amministrata dal [&hellip;]<\/p>\n","protected":false},"author":1,"featured_media":0,"comment_status":"closed","ping_status":"open","sticky":false,"template":"","format":"standard","meta":{"_jetpack_newsletter_access":"","_jetpack_dont_email_post_to_subs":false,"_jetpack_newsletter_tier_id":0,"_jetpack_memberships_contains_paywalled_content":false,"fifu_image_url":"","fifu_image_alt":"","_jetpack_feature_clip_id":0,"_jetpack_memberships_contains_paid_content":false,"footnotes":"","jetpack_publicize_message":"","jetpack_publicize_feature_enabled":true,"jetpack_social_post_already_shared":true,"jetpack_social_options":{"image_generator_settings":{"template":"highway","default_image_id":0,"font":"","enabled":false},"version":2},"jetpack_post_was_ever_published":false},"categories":[5],"tags":[14],"class_list":["post-2052","post","type-post","status-publish","format-standard","hentry","category-ultime-notizie","tag-ultime"],"jetpack_publicize_connections":[],"jetpack_sharing_enabled":true,"jetpack_likes_enabled":true,"jetpack_featured_media_url":"","_links":{"self":[{"href":"https:\/\/ultima-ora.com\/index.php?rest_route=\/wp\/v2\/posts\/2052","targetHints":{"allow":["GET"]}}],"collection":[{"href":"https:\/\/ultima-ora.com\/index.php?rest_route=\/wp\/v2\/posts"}],"about":[{"href":"https:\/\/ultima-ora.com\/index.php?rest_route=\/wp\/v2\/types\/post"}],"author":[{"embeddable":true,"href":"https:\/\/ultima-ora.com\/index.php?rest_route=\/wp\/v2\/users\/1"}],"replies":[{"embeddable":true,"href":"https:\/\/ultima-ora.com\/index.php?rest_route=%2Fwp%2Fv2%2Fcomments&post=2052"}],"version-history":[{"count":0,"href":"https:\/\/ultima-ora.com\/index.php?rest_route=\/wp\/v2\/posts\/2052\/revisions"}],"wp:attachment":[{"href":"https:\/\/ultima-ora.com\/index.php?rest_route=%2Fwp%2Fv2%2Fmedia&parent=2052"}],"wp:term":[{"taxonomy":"category","embeddable":true,"href":"https:\/\/ultima-ora.com\/index.php?rest_route=%2Fwp%2Fv2%2Fcategories&post=2052"},{"taxonomy":"post_tag","embeddable":true,"href":"https:\/\/ultima-ora.com\/index.php?rest_route=%2Fwp%2Fv2%2Ftags&post=2052"}],"curies":[{"name":"wp","href":"https:\/\/api.w.org\/{rel}","templated":true}]}}