{"id":2058,"date":"2026-09-02T21:16:06","date_gmt":"2026-09-02T21:16:06","guid":{"rendered":"https:\/\/ultima-ora.com\/?p=2058"},"modified":"2026-09-02T21:16:06","modified_gmt":"2026-09-02T21:16:06","slug":"pisacane-migliorare-nella-qualita","status":"publish","type":"post","link":"https:\/\/ultima-ora.com\/?p=2058","title":{"rendered":"PISACANE: &#8220;MIGLIORARE NELLA QUALITA'&#8221;"},"content":{"rendered":"<p>&#8220;Non possiamo essere soddisfatti visto il ko contro l&#8217;Inter, ma sono arrivate anche delle indicazioni positive. I ragazzi hanno giocato con ordine, sacrificio e personalit\u00e0. Dobbiamo ripartire da questo atteggiamento, migliorando la qualit\u00e0 delle scelte,la capacit\u00e0 di essere incisivi&#8221;. A dirlo \u00e8 Fabio Pisacana in vista del match con il Verona.<br \/>\n&#8220;Sono molto felice di essere arrivato in questo club e non vedo l&#8217;ora di incontrarvi allo stadio. Forza Casteddu&#8221;.<br \/>\nSono queste le prime dichiarazioni del nuovo attaccante della formazione rossobl\u00f9 M&#8217;Bala Nzola.<br \/>\n Ultima Ora Calcio<\/p>\n","protected":false},"excerpt":{"rendered":"<p>&#8220;Non possiamo essere soddisfatti visto il ko contro l&#8217;Inter, ma sono arrivate anche delle indicazioni positive. I ragazzi hanno giocato con ordine, sacrificio e personalit\u00e0. Dobbiamo ripartire da questo atteggiamento, migliorando la qualit\u00e0 delle scelte,la capacit\u00e0 di essere incisivi&#8221;. A dirlo \u00e8 Fabio Pisacana in vista del match con il Verona. &#8220;Sono molto felice di [&hellip;]<\/p>\n","protected":false},"author":2,"featured_media":0,"comment_status":"closed","ping_status":"open","sticky":false,"template":"","format":"standard","meta":{"_jetpack_newsletter_access":"","_jetpack_dont_email_post_to_subs":false,"_jetpack_newsletter_tier_id":0,"_jetpack_memberships_contains_paywalled_content":false,"fifu_image_url":"","fifu_image_alt":"","_jetpack_feature_clip_id":0,"_jetpack_memberships_contains_paid_content":false,"footnotes":"","jetpack_publicize_message":"","jetpack_publicize_feature_enabled":true,"jetpack_social_post_already_shared":true,"jetpack_social_options":{"image_generator_settings":{"template":"highway","default_image_id":0,"font":"","enabled":false},"version":2},"jetpack_post_was_ever_published":false},"categories":[8],"tags":[9],"class_list":["post-2058","post","type-post","status-publish","format-standard","hentry","category-notizie-di-calcio","tag-calcio"],"jetpack_publicize_connections":[],"jetpack_sharing_enabled":true,"jetpack_likes_enabled":true,"jetpack_featured_media_url":"","_links":{"self":[{"href":"https:\/\/ultima-ora.com\/index.php?rest_route=\/wp\/v2\/posts\/2058","targetHints":{"allow":["GET"]}}],"collection":[{"href":"https:\/\/ultima-ora.com\/index.php?rest_route=\/wp\/v2\/posts"}],"about":[{"href":"https:\/\/ultima-ora.com\/index.php?rest_route=\/wp\/v2\/types\/post"}],"author":[{"embeddable":true,"href":"https:\/\/ultima-ora.com\/index.php?rest_route=\/wp\/v2\/users\/2"}],"replies":[{"embeddable":true,"href":"https:\/\/ultima-ora.com\/index.php?rest_route=%2Fwp%2Fv2%2Fcomments&post=2058"}],"version-history":[{"count":0,"href":"https:\/\/ultima-ora.com\/index.php?rest_route=\/wp\/v2\/posts\/2058\/revisions"}],"wp:attachment":[{"href":"https:\/\/ultima-ora.com\/index.php?rest_route=%2Fwp%2Fv2%2Fmedia&parent=2058"}],"wp:term":[{"taxonomy":"category","embeddable":true,"href":"https:\/\/ultima-ora.com\/index.php?rest_route=%2Fwp%2Fv2%2Fcategories&post=2058"},{"taxonomy":"post_tag","embeddable":true,"href":"https:\/\/ultima-ora.com\/index.php?rest_route=%2Fwp%2Fv2%2Ftags&post=2058"}],"curies":[{"name":"wp","href":"https:\/\/api.w.org\/{rel}","templated":true}]}}