{"id":2107,"date":"2026-09-03T14:11:05","date_gmt":"2026-09-03T14:11:05","guid":{"rendered":"https:\/\/ultima-ora.com\/?p=2107"},"modified":"2026-09-03T14:11:05","modified_gmt":"2026-09-03T14:11:05","slug":"un-uomo-ha-ricostruito-lalbero-genealogico-dellintera-popolazione-di-san-marino","status":"publish","type":"post","link":"https:\/\/ultima-ora.com\/?p=2107","title":{"rendered":"Un uomo ha ricostruito l&#8217;albero genealogico dell&#8217;intera popolazione di San Marino"},"content":{"rendered":"<p>Ultima Ora &#8211; Mappare le radici comuni di un&#8217;intera Nazione &#8211; per quanto piccola &#8211; dotandosi di tecnologia, memoria delle fonti storiche e tanta, tanta, pazienza.\u00a0<br \/>\nL&#8217;albero genealogico di\u00a0San Marino<br \/>\nProtagonista della peculiare impresa \u00e8 Giorgio Bologna, 45 anni, che partendo dalla ricerca delle proprie origini e dai racconti della nonna ha trasformato la passione per la genealogia in un progetto dedicato alla memoria di un&#8217;intera comunit\u00e0.<br \/>\nL&#8217;uomo, infatti, ha ricostruito in dieci anni di ricerca un albero genealogico che oggi collega oltre 42mila persone, di fatto l&#8217;intera popolazione della nazione, mettendo in relazione generazioni di famiglie sammarinesi e territori italiani vicini. Una cifra imponente se si considera che la popolazione attuale della Repubblica si attesta attorno ai 34 mila abitanti: il database finisce cos\u00ec per abbracciare l&#8217;intera storia demografica del Titano, mettendo in relazione non solo i residenti, ma anche le generazioni passate, le famiglie dei territori italiani limitrofi e la vasta rete di emigrati all&#8217;estero.<br \/>\nUna ricerca complessa<br \/>\nLa ricostruzione ha richiesto un&#8217;indagine metodica e complessa. Bologna ha consultato censimenti, registri di nascita, matrimonio e morte, necrologi e documenti storici, attingendo agli archivi di San Marino e dei Comuni italiani limitrofi e visitando anche diversi cimiteri della regione.<br \/>\nIn alcuni casi, le corrispondenze del Dna hanno contribuito a individuare parenti lontani e a ricostruire legami familiari.<br \/>\nLa realizzazione del progetto<br \/>\nL&#8217;albero, realizzato sulla piattaforma MyHeritage, comprende documenti che risalgono anche al XVII secolo e nel tempo \u00e8 diventato un punto di riferimento per persone interessate a ricostruire le proprie origini, compresi discendenti di emigrati sammarinesi che contattano Bologna per ritrovare il legame con la Repubblica.<br \/>\n&#8220;La mia passione \u00e8 nata dal desiderio di scoprire le mie radici e dalla curiosit\u00e0 trasmessa da mia nonna&#8221;, racconta Bologna, sottolineando come, in una comunit\u00e0 territorialmente piccola, i legami familiari siano particolarmente stretti. La ricerca prosegue con l&#8217;obiettivo di ampliare l&#8217;albero e preservare la memoria storica delle famiglie e della comunit\u00e0 sammarinese.\u00a0<\/p>\n","protected":false},"excerpt":{"rendered":"<p>Ultima Ora &#8211; Mappare le radici comuni di un&#8217;intera Nazione &#8211; per quanto piccola &#8211; dotandosi di tecnologia, memoria delle fonti storiche e tanta, tanta, pazienza.\u00a0 L&#8217;albero genealogico di\u00a0San Marino Protagonista della peculiare impresa \u00e8 Giorgio Bologna, 45 anni, che partendo dalla ricerca delle proprie origini e dai racconti della nonna ha trasformato la passione [&hellip;]<\/p>\n","protected":false},"author":2,"featured_media":0,"comment_status":"closed","ping_status":"open","sticky":false,"template":"","format":"standard","meta":{"_jetpack_newsletter_access":"","_jetpack_dont_email_post_to_subs":false,"_jetpack_newsletter_tier_id":0,"_jetpack_memberships_contains_paywalled_content":false,"fifu_image_url":"","fifu_image_alt":"","_jetpack_feature_clip_id":0,"_jetpack_memberships_contains_paid_content":false,"footnotes":"","jetpack_publicize_message":"","jetpack_publicize_feature_enabled":true,"jetpack_social_post_already_shared":true,"jetpack_social_options":{"image_generator_settings":{"template":"highway","default_image_id":0,"font":"","enabled":false},"version":2},"jetpack_post_was_ever_published":false},"categories":[7],"tags":[16],"class_list":["post-2107","post","type-post","status-publish","format-standard","hentry","category-notizie-italia","tag-italia"],"jetpack_publicize_connections":[],"jetpack_sharing_enabled":true,"jetpack_likes_enabled":true,"jetpack_featured_media_url":"","_links":{"self":[{"href":"https:\/\/ultima-ora.com\/index.php?rest_route=\/wp\/v2\/posts\/2107","targetHints":{"allow":["GET"]}}],"collection":[{"href":"https:\/\/ultima-ora.com\/index.php?rest_route=\/wp\/v2\/posts"}],"about":[{"href":"https:\/\/ultima-ora.com\/index.php?rest_route=\/wp\/v2\/types\/post"}],"author":[{"embeddable":true,"href":"https:\/\/ultima-ora.com\/index.php?rest_route=\/wp\/v2\/users\/2"}],"replies":[{"embeddable":true,"href":"https:\/\/ultima-ora.com\/index.php?rest_route=%2Fwp%2Fv2%2Fcomments&post=2107"}],"version-history":[{"count":0,"href":"https:\/\/ultima-ora.com\/index.php?rest_route=\/wp\/v2\/posts\/2107\/revisions"}],"wp:attachment":[{"href":"https:\/\/ultima-ora.com\/index.php?rest_route=%2Fwp%2Fv2%2Fmedia&parent=2107"}],"wp:term":[{"taxonomy":"category","embeddable":true,"href":"https:\/\/ultima-ora.com\/index.php?rest_route=%2Fwp%2Fv2%2Fcategories&post=2107"},{"taxonomy":"post_tag","embeddable":true,"href":"https:\/\/ultima-ora.com\/index.php?rest_route=%2Fwp%2Fv2%2Ftags&post=2107"}],"curies":[{"name":"wp","href":"https:\/\/api.w.org\/{rel}","templated":true}]}}