{"id":2108,"date":"2026-09-03T14:16:06","date_gmt":"2026-09-03T14:16:06","guid":{"rendered":"https:\/\/ultima-ora.com\/?p=2108"},"modified":"2026-09-03T14:16:06","modified_gmt":"2026-09-03T14:16:06","slug":"e-subito-duello-beto-pellegrino","status":"publish","type":"post","link":"https:\/\/ultima-ora.com\/?p=2108","title":{"rendered":"E&#8217; SUBITO DUELLO BETO-PELLEGRINO"},"content":{"rendered":"<p>L&#8217;acquisto di Beto ha subito aumentato la concorrenza per Mateo Pellegrino, il quale dovr\u00e0 vincere il ballottaggio con l&#8217;ex Udinese per assicurarsi una maglia da titolare in occasione della gara con il Torino di sabato pomeriggio. Al momento l&#8217;argentino \u00e8 leggermente favorito per completare un reparto offensivo, che dovrebbe vedere titolari anche Atta e Mastantuono.<br \/>\nNel frattempo la societ\u00e0 toscana ha comunicato che venerd\u00ec alle 12:30, vigilia del match contro i granata, mister Fabio Grosso prender\u00e0 la parola in conferenza stampa.<br \/>\n Ultima Ora Calcio<\/p>\n","protected":false},"excerpt":{"rendered":"<p>L&#8217;acquisto di Beto ha subito aumentato la concorrenza per Mateo Pellegrino, il quale dovr\u00e0 vincere il ballottaggio con l&#8217;ex Udinese per assicurarsi una maglia da titolare in occasione della gara con il Torino di sabato pomeriggio. Al momento l&#8217;argentino \u00e8 leggermente favorito per completare un reparto offensivo, che dovrebbe vedere titolari anche Atta e Mastantuono. [&hellip;]<\/p>\n","protected":false},"author":2,"featured_media":0,"comment_status":"closed","ping_status":"open","sticky":false,"template":"","format":"standard","meta":{"_jetpack_newsletter_access":"","_jetpack_dont_email_post_to_subs":false,"_jetpack_newsletter_tier_id":0,"_jetpack_memberships_contains_paywalled_content":false,"fifu_image_url":"","fifu_image_alt":"","_jetpack_feature_clip_id":0,"_jetpack_memberships_contains_paid_content":false,"footnotes":"","jetpack_publicize_message":"","jetpack_publicize_feature_enabled":true,"jetpack_social_post_already_shared":true,"jetpack_social_options":{"image_generator_settings":{"template":"highway","default_image_id":0,"font":"","enabled":false},"version":2},"jetpack_post_was_ever_published":false},"categories":[8],"tags":[9],"class_list":["post-2108","post","type-post","status-publish","format-standard","hentry","category-notizie-di-calcio","tag-calcio"],"jetpack_publicize_connections":[],"jetpack_sharing_enabled":true,"jetpack_likes_enabled":true,"jetpack_featured_media_url":"","_links":{"self":[{"href":"https:\/\/ultima-ora.com\/index.php?rest_route=\/wp\/v2\/posts\/2108","targetHints":{"allow":["GET"]}}],"collection":[{"href":"https:\/\/ultima-ora.com\/index.php?rest_route=\/wp\/v2\/posts"}],"about":[{"href":"https:\/\/ultima-ora.com\/index.php?rest_route=\/wp\/v2\/types\/post"}],"author":[{"embeddable":true,"href":"https:\/\/ultima-ora.com\/index.php?rest_route=\/wp\/v2\/users\/2"}],"replies":[{"embeddable":true,"href":"https:\/\/ultima-ora.com\/index.php?rest_route=%2Fwp%2Fv2%2Fcomments&post=2108"}],"version-history":[{"count":0,"href":"https:\/\/ultima-ora.com\/index.php?rest_route=\/wp\/v2\/posts\/2108\/revisions"}],"wp:attachment":[{"href":"https:\/\/ultima-ora.com\/index.php?rest_route=%2Fwp%2Fv2%2Fmedia&parent=2108"}],"wp:term":[{"taxonomy":"category","embeddable":true,"href":"https:\/\/ultima-ora.com\/index.php?rest_route=%2Fwp%2Fv2%2Fcategories&post=2108"},{"taxonomy":"post_tag","embeddable":true,"href":"https:\/\/ultima-ora.com\/index.php?rest_route=%2Fwp%2Fv2%2Ftags&post=2108"}],"curies":[{"name":"wp","href":"https:\/\/api.w.org\/{rel}","templated":true}]}}