{"id":2115,"date":"2026-09-03T15:16:06","date_gmt":"2026-09-03T15:16:06","guid":{"rendered":"https:\/\/ultima-ora.com\/?p=2115"},"modified":"2026-09-03T15:16:06","modified_gmt":"2026-09-03T15:16:06","slug":"terzi-e-bello-tornare-a-segnare","status":"publish","type":"post","link":"https:\/\/ultima-ora.com\/?p=2115","title":{"rendered":"TERZI: &#8221; E&#8217; BELLO TORNARE A SEGNARE&#8221;"},"content":{"rendered":"<p>&#8220;Che bello ritornare e segnare! Peccato per la sconfitta, ma abbiamo giocato da vera squadra, lottando fino alla fine.<br \/>\nUna grande partita, con lo spirito giusto. Avanti cos\u00ec!&#8221;.   questo il commento pubblicato sui suoi social dal calciatore giallazzurro Aleksa Terzic, in seguito alla sconfitta ai rigori rimediata contro il Sassuolo nei sedicesimi di Coppa Italia.<br \/>\nPer i ragazzi di Massimiliano Alvini \u00e8 gi\u00e0 il momento di voltare pagina. Domenica pomeriggio proveranno a dare continuit\u00e0 al successo di Firenze nel delicato match contro il Venezia.<br \/>\n 260Altri Sport 299Brevi Sport<\/p>\n","protected":false},"excerpt":{"rendered":"<p>&#8220;Che bello ritornare e segnare! Peccato per la sconfitta, ma abbiamo giocato da vera squadra, lottando fino alla fine. Una grande partita, con lo spirito giusto. Avanti cos\u00ec!&#8221;. questo il commento pubblicato sui suoi social dal calciatore giallazzurro Aleksa Terzic, in seguito alla sconfitta ai rigori rimediata contro il Sassuolo nei sedicesimi di Coppa Italia. [&hellip;]<\/p>\n","protected":false},"author":2,"featured_media":0,"comment_status":"closed","ping_status":"open","sticky":false,"template":"","format":"standard","meta":{"_jetpack_newsletter_access":"","_jetpack_dont_email_post_to_subs":false,"_jetpack_newsletter_tier_id":0,"_jetpack_memberships_contains_paywalled_content":false,"fifu_image_url":"","fifu_image_alt":"","_jetpack_feature_clip_id":0,"_jetpack_memberships_contains_paid_content":false,"footnotes":"","jetpack_publicize_message":"","jetpack_publicize_feature_enabled":true,"jetpack_social_post_already_shared":true,"jetpack_social_options":{"image_generator_settings":{"template":"highway","default_image_id":0,"font":"","enabled":false},"version":2},"jetpack_post_was_ever_published":false},"categories":[8],"tags":[9],"class_list":["post-2115","post","type-post","status-publish","format-standard","hentry","category-notizie-di-calcio","tag-calcio"],"jetpack_publicize_connections":[],"jetpack_sharing_enabled":true,"jetpack_likes_enabled":true,"jetpack_featured_media_url":"","_links":{"self":[{"href":"https:\/\/ultima-ora.com\/index.php?rest_route=\/wp\/v2\/posts\/2115","targetHints":{"allow":["GET"]}}],"collection":[{"href":"https:\/\/ultima-ora.com\/index.php?rest_route=\/wp\/v2\/posts"}],"about":[{"href":"https:\/\/ultima-ora.com\/index.php?rest_route=\/wp\/v2\/types\/post"}],"author":[{"embeddable":true,"href":"https:\/\/ultima-ora.com\/index.php?rest_route=\/wp\/v2\/users\/2"}],"replies":[{"embeddable":true,"href":"https:\/\/ultima-ora.com\/index.php?rest_route=%2Fwp%2Fv2%2Fcomments&post=2115"}],"version-history":[{"count":0,"href":"https:\/\/ultima-ora.com\/index.php?rest_route=\/wp\/v2\/posts\/2115\/revisions"}],"wp:attachment":[{"href":"https:\/\/ultima-ora.com\/index.php?rest_route=%2Fwp%2Fv2%2Fmedia&parent=2115"}],"wp:term":[{"taxonomy":"category","embeddable":true,"href":"https:\/\/ultima-ora.com\/index.php?rest_route=%2Fwp%2Fv2%2Fcategories&post=2115"},{"taxonomy":"post_tag","embeddable":true,"href":"https:\/\/ultima-ora.com\/index.php?rest_route=%2Fwp%2Fv2%2Ftags&post=2115"}],"curies":[{"name":"wp","href":"https:\/\/api.w.org\/{rel}","templated":true}]}}