{"id":2117,"date":"2026-09-03T15:16:06","date_gmt":"2026-09-03T15:16:06","guid":{"rendered":"https:\/\/ultima-ora.com\/?p=2117"},"modified":"2026-09-03T15:16:06","modified_gmt":"2026-09-03T15:16:06","slug":"del-prato-rinnova-fino-al-2029","status":"publish","type":"post","link":"https:\/\/ultima-ora.com\/?p=2117","title":{"rendered":"DEL PRATO RINNOVA FINO AL 2029"},"content":{"rendered":"<p>Calcio <\/p>\n<p>La notizia era nell&#8217;aria gi\u00e0 da diversi mesi, per\u00f2 ora \u00e8 arrivata anche l&#8217;ufficialit\u00e0: la societ\u00e0 giallobl\u00f9 blinda il capitano Enrico Delprato con un rinnovo di contratto fino al 30 giugno 2029. Il difensore, dunque, si conferma un punto di riferimento della squadra emiliana, con cui ha disputato 186 partite e segnato 12 reti.<br \/>\nIntanto la societ\u00e0 ducale ha anche svelato la terza maglia per questa stagione. La divisa presenta una base di colore nero, arricchita da dettagli rosa che ne esaltano il carattere. Il testimonial \u00e8 stato Dino Baggio.<br \/>\n Ultima Ora Calcio<\/p>\n","protected":false},"excerpt":{"rendered":"<p>Calcio La notizia era nell&#8217;aria gi\u00e0 da diversi mesi, per\u00f2 ora \u00e8 arrivata anche l&#8217;ufficialit\u00e0: la societ\u00e0 giallobl\u00f9 blinda il capitano Enrico Delprato con un rinnovo di contratto fino al 30 giugno 2029. Il difensore, dunque, si conferma un punto di riferimento della squadra emiliana, con cui ha disputato 186 partite e segnato 12 reti. [&hellip;]<\/p>\n","protected":false},"author":2,"featured_media":0,"comment_status":"closed","ping_status":"open","sticky":false,"template":"","format":"standard","meta":{"_jetpack_newsletter_access":"","_jetpack_dont_email_post_to_subs":false,"_jetpack_newsletter_tier_id":0,"_jetpack_memberships_contains_paywalled_content":false,"fifu_image_url":"","fifu_image_alt":"","_jetpack_feature_clip_id":0,"_jetpack_memberships_contains_paid_content":false,"footnotes":"","jetpack_publicize_message":"","jetpack_publicize_feature_enabled":true,"jetpack_social_post_already_shared":true,"jetpack_social_options":{"image_generator_settings":{"template":"highway","default_image_id":0,"font":"","enabled":false},"version":2},"jetpack_post_was_ever_published":false},"categories":[8],"tags":[9],"class_list":["post-2117","post","type-post","status-publish","format-standard","hentry","category-notizie-di-calcio","tag-calcio"],"jetpack_publicize_connections":[],"jetpack_sharing_enabled":true,"jetpack_likes_enabled":true,"jetpack_featured_media_url":"","_links":{"self":[{"href":"https:\/\/ultima-ora.com\/index.php?rest_route=\/wp\/v2\/posts\/2117","targetHints":{"allow":["GET"]}}],"collection":[{"href":"https:\/\/ultima-ora.com\/index.php?rest_route=\/wp\/v2\/posts"}],"about":[{"href":"https:\/\/ultima-ora.com\/index.php?rest_route=\/wp\/v2\/types\/post"}],"author":[{"embeddable":true,"href":"https:\/\/ultima-ora.com\/index.php?rest_route=\/wp\/v2\/users\/2"}],"replies":[{"embeddable":true,"href":"https:\/\/ultima-ora.com\/index.php?rest_route=%2Fwp%2Fv2%2Fcomments&post=2117"}],"version-history":[{"count":0,"href":"https:\/\/ultima-ora.com\/index.php?rest_route=\/wp\/v2\/posts\/2117\/revisions"}],"wp:attachment":[{"href":"https:\/\/ultima-ora.com\/index.php?rest_route=%2Fwp%2Fv2%2Fmedia&parent=2117"}],"wp:term":[{"taxonomy":"category","embeddable":true,"href":"https:\/\/ultima-ora.com\/index.php?rest_route=%2Fwp%2Fv2%2Fcategories&post=2117"},{"taxonomy":"post_tag","embeddable":true,"href":"https:\/\/ultima-ora.com\/index.php?rest_route=%2Fwp%2Fv2%2Ftags&post=2117"}],"curies":[{"name":"wp","href":"https:\/\/api.w.org\/{rel}","templated":true}]}}