{"id":2145,"date":"2026-09-03T20:07:47","date_gmt":"2026-09-03T20:07:47","guid":{"rendered":"https:\/\/ultima-ora.com\/?p=2145"},"modified":"2026-09-03T20:07:47","modified_gmt":"2026-09-03T20:07:47","slug":"claudia-di-pasquale-e-la-nuova-co-conduttrice-di-report-fara-coppia-con-daniele-piervincenzi","status":"publish","type":"post","link":"https:\/\/ultima-ora.com\/?p=2145","title":{"rendered":"Claudia Di Pasquale \u00e8 la nuova co-conduttrice di Report, far\u00e0 coppia con Daniele Piervincenzi"},"content":{"rendered":"<p>ROMA Ultima Ora \/ IPA \u2013 Il direttore dell\u2019Approfondimento Rai Paolo Corsini ha indicato Claudia Di Pasquale per affiancare Daniele Piervincenzi alla conduzione del programma \u201cReport\u201d. La decisione \u00e8 stata assunta a seguito della rinuncia di Giulia Presutti all\u2019incarico di co-conduttrice. E\u2019 quanto si legge in una nota della Rai. \u201cHo preso atto della scelta di Giulia Presutti, che comprendo umanamente. Una giovane e valida giornalista alla quale \u00e8 andata la fiducia dell\u2019azienda che rinnovo convintamente \u2013 dichiara Paolo Corsini \u2013 Claudia Di Pasquale \u00e8 una collega interna alla redazione del programma Report, di grande esperienza. Un grosso in bocca al lupo a lei e Daniele Piervincenzi e a tutta la squadra di Report per la sfida che ci attende\u201d.<br \/>\nCORSINI \u201cI CONDUTTORI LI DECIDE IL DIRETTORE\u201d<br \/>\n\u201cStiamo lavorando perch\u00e9 il programma parta l\u20198 novembre\u201d: cos\u00ec il direttore dell\u2019Approfondimento Rai Paolo Corsini a margine della presentazione alla stampa della nuova edizione di \u201cOre 14\u201d, condotto da Salvo Sottile. Corsini ha anche commentato il passo indietro di Giulia Presutti (\u201c\u00e8 una scelta personale, lei \u00e8 una risorsa della Rai\u201d), ha sottolineato che i conduttori non li sceglie la redazione ma lui (\u201cSono il direttore, mi pagano per questo\u201d), ha ribadito che Daniele Piervincenzi, l\u2019altro conduttore designato dalla Rai per sostituire Sigfrido Ranucci, \u201crimane\u201d. Alla domanda se oggi ci sar\u00e0 un nuovo incontro con la redazione di \u201cReport\u201d, Corsini ha risposto: \u201cCi sono incontri tutti i giorni, lavorano qui\u201d ha detto. Sul nuovo conduttore: \u201cL\u2019intenzione \u00e8 quella di chiudere oggi, noi la quadra l\u2019avevamo trovata poi \u00e8 successo quello che sapete\u201d.<br \/>\nIl direttore dell\u2019Approfondimento Rai Paolo Corsini assicura che la sua \u201cprima preoccupazione\u201d nello scegliere la nuova conduzione di \u201cReport\u201d \u201c\u00e8 stata l\u2019attenzione al genere e cercher\u00f2 di mantenere questo tipo di attenzione\u201d. Per questo, aveva scelto Giulia Presutti insieme a Daniele Piervincenzi, \u201ce avevamo trovato la quadra ma poi le cose sono andate come sapete\u201d. Mentre cerca il nome femminile per la conduzione, Corsini ha detto che, nell\u2019ambito dei suoi \u201ccolloqui continui con tutti\u201d, incontrer\u00e0 \u201canche il regista perch\u00e9 un programma con due conduttori \u00e8 diverso\u201d da uno a conduzione singola. \u201cStiamo rinnovando il programma per andare incontro a un nuovo pubblico\u201d ha, poi, concluso.<br \/>\nSOTTILE INSULTATO DAGLI INVIATI DI \u201cREPORT\u201d NEL CORTILE DELLA SEDE RAI<br \/>\nLa direttrice dell\u2019ufficio stampa Rai Incoronata Boccia lo ha definito \u201cun episodio increscioso su cui avvieremo le verifiche del caso\u201d, ma quello che \u00e8 successo poco fa nel cortile del Centro di Produzione Rai di via Teulada \u00e8 qualcosa di pi\u00f9: \u00e8 il segno del livello di nervosismo raggiunto con l\u2019affaire \u201cReport\u201d. Come riportato da Fanpage, entrando in Rai per la conferenza stampa della nuova stagione di \u201cOre 14\u201d, Sottile ha visto i due storici inviati di \u201cReport\u201d e li ha salutati, chiedendo loro \u201cCome va?\u201d. Interpretandola forse come una provocazione, i due hanno reagito e Sottile \u00e8 stato preso a male parole, tra un \u201cvenduto\u201d e un \u201cpezzo di m\u2026a\u201d: \u201cSono volate battutacce\u201d commenta il giornalista. E aggiunge: \u201cSono cose che possono succedere negli ambienti di lavoro, facciamo tutti parte della Direzione Approfondimento. Immagino ci sia del nervosismo ma ovviamente sono cose che non dovrebbero succedere. \u00c8 successo quello che \u00e8 successo solo perch\u00e9 ho salutato una persona che conosco\u201d.<br \/>\nA chi gli chiedeva se la reazione di Iovene e Bertazzoni fosse dovuta ai suoi numerosi interventi su Sigfrido Ranucci e \u201cReport\u201d sui social, Sottile ha risposto negando di avere mai attaccato nessuno e che su Facebook si \u00e8 sempre \u201climitato a mettere una serie di pezzi di colleghi, come faccio tutti i giorni, che riguardano i fatti pi\u00f9 importanti. Se questo \u00e8 stato visto come un attacco o una mancanza di rispetto mi dispiace ma non \u00e8 cos\u00ec\u201d. Sottile ha anche sottolineato che il consigliere di amministrazione della Rai Roberto Natale, che l\u2019altro giorno (anche lui su Facebook) ha stigmatizzato i suoi attacchi a Ranucci, chiedendosi come fosse possibile che la Rai lo permettesse: \u201cNatale \u00e8 male informato\u201d. Poi ha concluso: \u201cInsultare un collega \u00e8 sempre una cosa spiacevole\u201d.<br \/>\nAL TG1 MAIL CON CUI RANUCCI ANTICIPO\u2019 A LAVITOLA INTERVISTA SU CARBON CREDIT<br \/>\nIl 29 giugno Sigfrido Ranucci, ex conduttore della trasmissione Report, invi\u00f2 una mail a Valter Lavitola, relativa a una vicenda legata al settore dei carbon credit in Zimbabwe, secondo quanto riferisce il Tg1. Nel messaggio, il conduttore di Report anticipa al faccendiere i contenuti di un\u2019intervista rilasciata a The Standard, testata dello Zimbabwe.<br \/>\n\u00c8 l\u2019articolo poi pubblicato in inglese il 5 luglio, nel quale Ranucci parla di una presunta inchiesta di Report sul settore dei carbon credit e, in particolare, sulla vicenda di alcuni imprenditori italiani che sostengono di essere stati truffati da un socio locale.<br \/>\nNell\u2019intervista, Ranucci racconta di aver parlato con un funzionario dell\u2019ambasciata italiana in Zimbabwe. Nella email indirizzata a Lavitola comparirebbe inoltre una richiesta di ulteriori informazioni su una persona definita come un presunto \u201cmillantatore\u201d, dati che sarebbero stati ritenuti utili ai fini dell\u2019inchiesta giornalistica. Ranucci, attraverso il suo legale Roberto De Vita, ha spiegato che Report si era gi\u00e0 occupata in passato del tema dei carbon credit e che, per questo, era naturale continuare a occuparsene. L\u2019intervista, rimossa ieri dal sito della testata e individuata dal Tg1, potrebbe ora essere acquisita dalla Procura di Roma.<br \/>\nGIORNALISTA ZIMBABWE AL TG1 \u201cFU LAVITOLA A SUGGERIRE DI SENTIRLO\u201d<br \/>\n\u201cFu Valter Lavitola a suggerire di sentirlo\u201d. Lo ha detto al Tg1 Kenneth Nyangani, il giornalista dello Zimbabwe che intervist\u00f2 Sigfrido Ranucci per \u201cThe Standard\u201d lo scorso 5 luglio. Nell\u2019intervista, Ranucci conferma a Nyangani una presunta inchiesta avviata da \u201cReport\u201d su un gruppo di imprenditori italiani, nel settore dei carbon credit, che lamentano di essere stati truffati da un socio locale. Alla domanda se avesse mai sentito parlare di Lavitola, Nyangani risponde: \u201cS\u00ec, abbiamo parlato in una video call. Mi pare fosse fosse a giugno\u201d. Il Tg1 ha anche mostrato la mail originale con cui Ranucci chiede a Lavitola di mandargli i dati del \u201ccorruttore millantatore\u201d di cui sarebbe stato vittima. \u201cNon ho nulla da smentire\u201d, spiega Ranucci al telegionale della Rai.<br \/>\n\u2013 Foto Ipa Agency \u2013<br \/>\nUltima Ora \/ IPA.<\/p>\n","protected":false},"excerpt":{"rendered":"<p>ROMA Ultima Ora \/ IPA \u2013 Il direttore dell\u2019Approfondimento Rai Paolo Corsini ha indicato Claudia Di Pasquale per affiancare Daniele Piervincenzi alla conduzione del programma \u201cReport\u201d. La decisione \u00e8 stata assunta a seguito della rinuncia di Giulia Presutti all\u2019incarico di co-conduttrice. E\u2019 quanto si legge in una nota della Rai. \u201cHo preso atto della scelta [&hellip;]<\/p>\n","protected":false},"author":1,"featured_media":0,"comment_status":"closed","ping_status":"open","sticky":false,"template":"","format":"standard","meta":{"_jetpack_newsletter_access":"","_jetpack_dont_email_post_to_subs":false,"_jetpack_newsletter_tier_id":0,"_jetpack_memberships_contains_paywalled_content":false,"fifu_image_url":"","fifu_image_alt":"","_jetpack_feature_clip_id":0,"_jetpack_memberships_contains_paid_content":false,"footnotes":"","jetpack_publicize_message":"","jetpack_publicize_feature_enabled":true,"jetpack_social_post_already_shared":true,"jetpack_social_options":{"image_generator_settings":{"template":"highway","default_image_id":0,"font":"","enabled":false},"version":2},"jetpack_post_was_ever_published":false},"categories":[5],"tags":[14],"class_list":["post-2145","post","type-post","status-publish","format-standard","hentry","category-ultime-notizie","tag-ultime"],"jetpack_publicize_connections":[],"jetpack_sharing_enabled":true,"jetpack_likes_enabled":true,"jetpack_featured_media_url":"","_links":{"self":[{"href":"https:\/\/ultima-ora.com\/index.php?rest_route=\/wp\/v2\/posts\/2145","targetHints":{"allow":["GET"]}}],"collection":[{"href":"https:\/\/ultima-ora.com\/index.php?rest_route=\/wp\/v2\/posts"}],"about":[{"href":"https:\/\/ultima-ora.com\/index.php?rest_route=\/wp\/v2\/types\/post"}],"author":[{"embeddable":true,"href":"https:\/\/ultima-ora.com\/index.php?rest_route=\/wp\/v2\/users\/1"}],"replies":[{"embeddable":true,"href":"https:\/\/ultima-ora.com\/index.php?rest_route=%2Fwp%2Fv2%2Fcomments&post=2145"}],"version-history":[{"count":0,"href":"https:\/\/ultima-ora.com\/index.php?rest_route=\/wp\/v2\/posts\/2145\/revisions"}],"wp:attachment":[{"href":"https:\/\/ultima-ora.com\/index.php?rest_route=%2Fwp%2Fv2%2Fmedia&parent=2145"}],"wp:term":[{"taxonomy":"category","embeddable":true,"href":"https:\/\/ultima-ora.com\/index.php?rest_route=%2Fwp%2Fv2%2Fcategories&post=2145"},{"taxonomy":"post_tag","embeddable":true,"href":"https:\/\/ultima-ora.com\/index.php?rest_route=%2Fwp%2Fv2%2Ftags&post=2145"}],"curies":[{"name":"wp","href":"https:\/\/api.w.org\/{rel}","templated":true}]}}