{"id":2168,"date":"2026-09-04T10:07:58","date_gmt":"2026-09-04T10:07:58","guid":{"rendered":"https:\/\/ultima-ora.com\/?p=2168"},"modified":"2026-09-04T10:07:58","modified_gmt":"2026-09-04T10:07:58","slug":"raccolta-differenziata-nel-2025-lemilia-romagna-supera-il-target-dell80","status":"publish","type":"post","link":"https:\/\/ultima-ora.com\/?p=2168","title":{"rendered":"Raccolta differenziata, nel 2025 l\u2019Emilia Romagna supera il target dell\u201980%"},"content":{"rendered":"<p>BOLOGNA Ultima Ora \/ IPA \u2013 L\u2019Emilia-Romagna continua a migliorare nella gestione dei rifiuti urbani e raggiunge un traguardo importante: nel 2025 la raccolta differenziata si \u00e8 attestata all\u201980,3%, con un incremento di +1,3 punti percentuali rispetto al 2024. Un risultato che consente alla Regione di raggiungere l\u2019obiettivo dell\u201980% fissato dal Piano regionale di gestione dei rifiuti e per l\u2019economia circolare (Prrb) 2022-2027.<br \/>\nContinua a crescere anche il numero dei Comuni che superano l\u201980% di raccolta differenziata: sono 192, pari al 58,2% del totale, mentre 44 Comuni (13,3%) hanno raggiunto o superato la soglia del 90%. Tra le frazioni raccolte in modo differenziato, l\u2019organico si conferma la principale con il 37,7% del totale, seguito da carta (18,6%), legno (8,6%), vetro (8,3%), plastica (8,2%) e rifiuti ingombranti (4,5%).<br \/>\n \u201cAbbiamo raggiunto l\u2019obiettivo dell\u201980% di raccolta differenziata previsto dal Piano rifiuti, che non \u00e8 un traguardo solo numerico, ma una sfida ambientale e culturale\u2013 affermano il presidente della Regione, Michele de Pascale, e l\u2019assessora regionale all\u2019Ambiente, Irene Priolo-. Tutto questo va nella direzione di un\u2019economia sempre pi\u00f9 circolare, in cui non dobbiamo pi\u00f9 parlare di rifiuti, ma di risorse. Ogni materiale ben differenziato \u00e8 una materia prima che pu\u00f2 rientrare nei cicli produttivi, evitando sprechi e tutelando l\u2019ambiente. I risultati raggiunti dimostrano che il sistema funziona e confermano l\u2019efficacia della pianificazione regionale.\u00a0\u00c8 fondamentale che cittadine e cittadini, Comuni e gestori continuino a collaborare, perch\u00e9 solo cos\u00ec possiamo trasformare davvero un problema in un\u2019opportunit\u00e0 e dare concretezza alla transizione ecologica. Lo scorso anno il Rapporto Rifiuti urbani di Ispra aveva collocato l\u2019Emilia-Romagna al primo posto in Italia per raccolta differenziata: i dati del 2025 ci fanno guardare con fiducia alla conferma di questo primato\u201d.<br \/>\nModena si conferma la provincia pi\u00f9 virtuosa con l\u201985,5% di raccolta differenziata (+1,3%), seguita da Reggio Emilia, all\u201985,1% (+0,7%) e Forl\u00ec-Cesena con l\u201984,6% (+1,3%). Ravenna si attesta all\u201982,1% (+1,4%), Parma al 80,5% (+0,8%), Ferrara al 78,4% (+1,4%), Bologna al 76,8% (+1,7%), Piacenza al 76,4% (+2,2%) e Rimini al 69,8% (+0,6%). Tra i Comuni capoluogo, Ferrara raggiunge l\u201988,8% di raccolta differenziata (+0,5%), seguita da Cesena con l\u201987,5% (+1,7%), Reggio Emilia con l\u201985,1% (+0,6%), Forl\u00ec con l\u201982,2% (+0,2%), Parma con l\u201981,1% (+0,0%), Ravenna con l\u201981,1% (+1,6%), Modena con il 79,7% (+0,8%), Piacenza con il 75,5% (+3,5%), Bologna con il 72,5% (-0,3%) e Rimini con il 67,6% (+0,8%). Per quanto riguarda Rimini, in particolare, non \u00e8 ancora partita la procedura di affidamento del servizio, condizione che ha limitato gli investimenti per migliorare ulteriormente le performance.<br \/>\nFondamentale anche il ruolo della regolazione, che ha consentito di coprire quasi tutti i territori provinciali con contratti di lungo periodo: sono infatti 12 su 17 i bacini gestionali con affidamenti completati al 2025, tutti assegnati a operatori qualificati e con obiettivi ambientali coerenti con il Prrb 2022-2027. La montagna ha raggiunto nel 2025 il 71,1% di raccolta differenziata, con un incremento di 3,4 punti percentuali rispetto al 2024. Nelle aree dei capoluoghi e della costa e in quelle di pianura la crescita \u00e8 stata di circa un punto percentuale. Tra i Comuni capoluogo e quelli costieri, 14 su 23 hanno gi\u00e0 raggiunto nel 2025 l\u2019obiettivo del 79% fissato dal Piano regionale. Nelle aree di pianura sono 99 Comuni su 180 ad aver superato il target dell\u201984% previsto dal Prrb 2022-2027, mentre nelle zone di montagna pi\u00f9 della met\u00e0 dei Comuni (68 su 127) ha centrato l\u2019obiettivo del 67%.<br \/>\nFonte: IPA<br \/>\nUltima Ora \/ IPA.<\/p>\n","protected":false},"excerpt":{"rendered":"<p>BOLOGNA Ultima Ora \/ IPA \u2013 L\u2019Emilia-Romagna continua a migliorare nella gestione dei rifiuti urbani e raggiunge un traguardo importante: nel 2025 la raccolta differenziata si \u00e8 attestata all\u201980,3%, con un incremento di +1,3 punti percentuali rispetto al 2024. Un risultato che consente alla Regione di raggiungere l\u2019obiettivo dell\u201980% fissato dal Piano regionale di gestione [&hellip;]<\/p>\n","protected":false},"author":1,"featured_media":0,"comment_status":"closed","ping_status":"open","sticky":false,"template":"","format":"standard","meta":{"_jetpack_newsletter_access":"","_jetpack_dont_email_post_to_subs":false,"_jetpack_newsletter_tier_id":0,"_jetpack_memberships_contains_paywalled_content":false,"fifu_image_url":"","fifu_image_alt":"","_jetpack_feature_clip_id":0,"_jetpack_memberships_contains_paid_content":false,"footnotes":"","jetpack_publicize_message":"","jetpack_publicize_feature_enabled":true,"jetpack_social_post_already_shared":true,"jetpack_social_options":{"image_generator_settings":{"template":"highway","default_image_id":0,"font":"","enabled":false},"version":2},"jetpack_post_was_ever_published":false},"categories":[5],"tags":[14],"class_list":["post-2168","post","type-post","status-publish","format-standard","hentry","category-ultime-notizie","tag-ultime"],"jetpack_publicize_connections":[],"jetpack_sharing_enabled":true,"jetpack_likes_enabled":true,"jetpack_featured_media_url":"","_links":{"self":[{"href":"https:\/\/ultima-ora.com\/index.php?rest_route=\/wp\/v2\/posts\/2168","targetHints":{"allow":["GET"]}}],"collection":[{"href":"https:\/\/ultima-ora.com\/index.php?rest_route=\/wp\/v2\/posts"}],"about":[{"href":"https:\/\/ultima-ora.com\/index.php?rest_route=\/wp\/v2\/types\/post"}],"author":[{"embeddable":true,"href":"https:\/\/ultima-ora.com\/index.php?rest_route=\/wp\/v2\/users\/1"}],"replies":[{"embeddable":true,"href":"https:\/\/ultima-ora.com\/index.php?rest_route=%2Fwp%2Fv2%2Fcomments&post=2168"}],"version-history":[{"count":0,"href":"https:\/\/ultima-ora.com\/index.php?rest_route=\/wp\/v2\/posts\/2168\/revisions"}],"wp:attachment":[{"href":"https:\/\/ultima-ora.com\/index.php?rest_route=%2Fwp%2Fv2%2Fmedia&parent=2168"}],"wp:term":[{"taxonomy":"category","embeddable":true,"href":"https:\/\/ultima-ora.com\/index.php?rest_route=%2Fwp%2Fv2%2Fcategories&post=2168"},{"taxonomy":"post_tag","embeddable":true,"href":"https:\/\/ultima-ora.com\/index.php?rest_route=%2Fwp%2Fv2%2Ftags&post=2168"}],"curies":[{"name":"wp","href":"https:\/\/api.w.org\/{rel}","templated":true}]}}