{"id":2188,"date":"2026-09-04T14:07:58","date_gmt":"2026-09-04T14:07:58","guid":{"rendered":"https:\/\/ultima-ora.com\/?p=2188"},"modified":"2026-09-04T14:07:58","modified_gmt":"2026-09-04T14:07:58","slug":"affitti-brevi-fiaip-servono-equilibrio-e-regole-non-divieti-generalizzati","status":"publish","type":"post","link":"https:\/\/ultima-ora.com\/?p=2188","title":{"rendered":"Affitti brevi, Fiaip \u201cServono equilibrio e regole, non divieti generalizzati\u201d"},"content":{"rendered":"<p>ROMA Ultima Ora \/ IPA \u2013 In vista della presentazione del nuovo Piano europeo per la casa, attesa per il prossimo 9 settembre, il dibattito europeo torna a concentrarsi anche sul possibile ruolo delle locazioni brevi e delle seconde case nelle aree caratterizzate da maggiore tensione abitativa. La Fiaip condivide l\u2019esigenza di governare i fenomeni, prevenire le distorsioni, contrastare abusivismo e irregolarit\u00e0 e preservare un corretto equilibrio tra vocazione turistica, funzione residenziale e qualit\u00e0 della vita delle citt\u00e0.<br \/>\n\u201c\u00c8 per\u00f2 necessario partire dai dati e dalle reali dinamiche del mercato. Le locazioni brevi rappresentano complessivamente circa l\u20191,2% del patrimonio abitativo dell\u2019Unione europea, pur raggiungendo concentrazioni sensibilmente superiori in alcune specifiche destinazioni turistiche. \u00c8 quindi evidente che situazioni profondamente diverse non possano essere affrontate con strumenti indistinti e generalizzati\u201d, dichiara Fabrizio Segalerba, presidente della Fiaip. \u201cPensare di risolvere la questione abitativa europea intervenendo prevalentemente sugli affitti brevi significherebbe confondere una delle possibili manifestazioni locali del problema con le sue cause strutturali\u201d, aggiunge.<br \/>\n \u201cLa vera sfida \u00e8 aumentare l\u2019offerta di abitazioni, favorire la rigenerazione del patrimonio esistente, ridurre i tempi delle procedure urbanistiche e autorizzative, affrontare l\u2019elevato costo delle costruzioni e dei terreni e creare condizioni capaci di riportare sul mercato residenziale una parte del patrimonio oggi inutilizzato\u201d. Per la Fiaip eventuali interventi europei dovranno pertanto rispettare criteri di proporzionalit\u00e0, ragionevolezza e differenziazione territoriale, consentendo misure specifiche laddove esistano effettive e documentate condizioni di tensione abitativa, senza introdurre limitazioni generalizzate che rischierebbero di produrre effetti distorsivi sul mercato e sull\u2019economia turistica. \u201cIl confronto che si sta sviluppando a Bruxelles \u00e8 particolarmente importante perch\u00e9 il mercato immobiliare europeo non \u00e8 un mercato uniforme\u201d, sottolinea Francesco La Commare, vicepresidente vicario Fiaip con delega ai mercati immobiliari esteri e alle relazioni internazionali e membro del Board Cepi.<br \/>\n \u201cLe esigenze di una grande capitale europea, di una citt\u00e0 d\u2019arte, di una localit\u00e0 a forte vocazione turistica o di un territorio caratterizzato da spopolamento sono profondamente differenti. Occorre quindi una cornice europea chiara, ma capace di lasciare agli Stati e ai territori strumenti proporzionati alle effettive condizioni dei rispettivi mercati. \u00c8 questa anche la prospettiva che, come professionisti immobiliari europei, riteniamo debba orientare il confronto con le istituzioni dell\u2019Unione\u201d, aggiunge.<br \/>\nAltrettanto importante, per la Fiaip, \u00e8 distinguere la gestione del patrimonio immobiliare del singolo cittadino dalle attivit\u00e0 esercitate in forma organizzata e imprenditoriale. \u201cRegolare non significa vietare. Un proprietario che mette a reddito uno o pochi immobili nell\u2019ambito della gestione del proprio patrimonio, non pu\u00f2 essere automaticamente assimilato a chi esercita professionalmente e su larga scala un\u2019attivit\u00e0 organizzata nel settore delle locazioni turistiche. Le regole devono tenere conto della natura e della dimensione dell\u2019attivit\u00e0\u201d, osserva Segalerba. \u201cL\u2019Europa ha bisogno di una politica della casa capace di aumentare l\u2019offerta e rendere nuovamente accessibile il mercato abitativo. Le locazioni brevi devono essere governate dove producono effettive distorsioni, ma non possono diventare il capro espiatorio di una crisi abitativa che ha origini molto pi\u00f9 profonde\u201d, conclude.<br \/>\n\u2013 Foto FIAIP \u2013<br \/>\nUltima Ora \/ IPA.<\/p>\n","protected":false},"excerpt":{"rendered":"<p>ROMA Ultima Ora \/ IPA \u2013 In vista della presentazione del nuovo Piano europeo per la casa, attesa per il prossimo 9 settembre, il dibattito europeo torna a concentrarsi anche sul possibile ruolo delle locazioni brevi e delle seconde case nelle aree caratterizzate da maggiore tensione abitativa. La Fiaip condivide l\u2019esigenza di governare i fenomeni, [&hellip;]<\/p>\n","protected":false},"author":1,"featured_media":0,"comment_status":"closed","ping_status":"open","sticky":false,"template":"","format":"standard","meta":{"_jetpack_newsletter_access":"","_jetpack_dont_email_post_to_subs":false,"_jetpack_newsletter_tier_id":0,"_jetpack_memberships_contains_paywalled_content":false,"fifu_image_url":"","fifu_image_alt":"","_jetpack_feature_clip_id":0,"_jetpack_memberships_contains_paid_content":false,"footnotes":"","jetpack_publicize_message":"","jetpack_publicize_feature_enabled":true,"jetpack_social_post_already_shared":true,"jetpack_social_options":{"image_generator_settings":{"template":"highway","default_image_id":0,"font":"","enabled":false},"version":2},"jetpack_post_was_ever_published":false},"categories":[5],"tags":[14],"class_list":["post-2188","post","type-post","status-publish","format-standard","hentry","category-ultime-notizie","tag-ultime"],"jetpack_publicize_connections":[],"jetpack_sharing_enabled":true,"jetpack_likes_enabled":true,"jetpack_featured_media_url":"","_links":{"self":[{"href":"https:\/\/ultima-ora.com\/index.php?rest_route=\/wp\/v2\/posts\/2188","targetHints":{"allow":["GET"]}}],"collection":[{"href":"https:\/\/ultima-ora.com\/index.php?rest_route=\/wp\/v2\/posts"}],"about":[{"href":"https:\/\/ultima-ora.com\/index.php?rest_route=\/wp\/v2\/types\/post"}],"author":[{"embeddable":true,"href":"https:\/\/ultima-ora.com\/index.php?rest_route=\/wp\/v2\/users\/1"}],"replies":[{"embeddable":true,"href":"https:\/\/ultima-ora.com\/index.php?rest_route=%2Fwp%2Fv2%2Fcomments&post=2188"}],"version-history":[{"count":0,"href":"https:\/\/ultima-ora.com\/index.php?rest_route=\/wp\/v2\/posts\/2188\/revisions"}],"wp:attachment":[{"href":"https:\/\/ultima-ora.com\/index.php?rest_route=%2Fwp%2Fv2%2Fmedia&parent=2188"}],"wp:term":[{"taxonomy":"category","embeddable":true,"href":"https:\/\/ultima-ora.com\/index.php?rest_route=%2Fwp%2Fv2%2Fcategories&post=2188"},{"taxonomy":"post_tag","embeddable":true,"href":"https:\/\/ultima-ora.com\/index.php?rest_route=%2Fwp%2Fv2%2Ftags&post=2188"}],"curies":[{"name":"wp","href":"https:\/\/api.w.org\/{rel}","templated":true}]}}