{"id":2192,"date":"2026-09-04T14:17:56","date_gmt":"2026-09-04T14:17:56","guid":{"rendered":"https:\/\/ultima-ora.com\/?p=2192"},"modified":"2026-09-04T14:17:56","modified_gmt":"2026-09-04T14:17:56","slug":"kabasele-pronto-al-rientro","status":"publish","type":"post","link":"https:\/\/ultima-ora.com\/?p=2192","title":{"rendered":"KABASELE PRONTO AL RIENTRO"},"content":{"rendered":"<p>Dopo aver scontato due turni di squalifica, anche per Christian Kabasele ora \u00e8 finalmente arrivato il momento di fare il suo debutto in questo campionato.<br \/>\nIl belga, perno della retroguardia dello scorso anno, dovrebbe riprendere il suo posto al centro della difesa nella partita di luned\u00ec sera contro la Lazio, esattamente come gi\u00e0 avvenuto mercoled\u00ec scorso in Coppa Italia con il Venezia.<br \/>\nAl fianco di Kabasele dovrebbero esserci Oumar Solet e James Abankwah, che in questo avvio di stagione hanno ben figurato, nonostante le quattro reti subite in tre gare tra Serie A e Coppa.<br \/>\n 260Altri Sport 299Brevi Sport<\/p>\n","protected":false},"excerpt":{"rendered":"<p>Dopo aver scontato due turni di squalifica, anche per Christian Kabasele ora \u00e8 finalmente arrivato il momento di fare il suo debutto in questo campionato. Il belga, perno della retroguardia dello scorso anno, dovrebbe riprendere il suo posto al centro della difesa nella partita di luned\u00ec sera contro la Lazio, esattamente come gi\u00e0 avvenuto mercoled\u00ec [&hellip;]<\/p>\n","protected":false},"author":2,"featured_media":0,"comment_status":"closed","ping_status":"open","sticky":false,"template":"","format":"standard","meta":{"_jetpack_newsletter_access":"","_jetpack_dont_email_post_to_subs":false,"_jetpack_newsletter_tier_id":0,"_jetpack_memberships_contains_paywalled_content":false,"fifu_image_url":"","fifu_image_alt":"","_jetpack_feature_clip_id":0,"_jetpack_memberships_contains_paid_content":false,"footnotes":"","jetpack_publicize_message":"","jetpack_publicize_feature_enabled":true,"jetpack_social_post_already_shared":true,"jetpack_social_options":{"image_generator_settings":{"template":"highway","default_image_id":0,"font":"","enabled":false},"version":2},"jetpack_post_was_ever_published":false},"categories":[8],"tags":[9],"class_list":["post-2192","post","type-post","status-publish","format-standard","hentry","category-notizie-di-calcio","tag-calcio"],"jetpack_publicize_connections":[],"jetpack_sharing_enabled":true,"jetpack_likes_enabled":true,"jetpack_featured_media_url":"","_links":{"self":[{"href":"https:\/\/ultima-ora.com\/index.php?rest_route=\/wp\/v2\/posts\/2192","targetHints":{"allow":["GET"]}}],"collection":[{"href":"https:\/\/ultima-ora.com\/index.php?rest_route=\/wp\/v2\/posts"}],"about":[{"href":"https:\/\/ultima-ora.com\/index.php?rest_route=\/wp\/v2\/types\/post"}],"author":[{"embeddable":true,"href":"https:\/\/ultima-ora.com\/index.php?rest_route=\/wp\/v2\/users\/2"}],"replies":[{"embeddable":true,"href":"https:\/\/ultima-ora.com\/index.php?rest_route=%2Fwp%2Fv2%2Fcomments&post=2192"}],"version-history":[{"count":0,"href":"https:\/\/ultima-ora.com\/index.php?rest_route=\/wp\/v2\/posts\/2192\/revisions"}],"wp:attachment":[{"href":"https:\/\/ultima-ora.com\/index.php?rest_route=%2Fwp%2Fv2%2Fmedia&parent=2192"}],"wp:term":[{"taxonomy":"category","embeddable":true,"href":"https:\/\/ultima-ora.com\/index.php?rest_route=%2Fwp%2Fv2%2Fcategories&post=2192"},{"taxonomy":"post_tag","embeddable":true,"href":"https:\/\/ultima-ora.com\/index.php?rest_route=%2Fwp%2Fv2%2Ftags&post=2192"}],"curies":[{"name":"wp","href":"https:\/\/api.w.org\/{rel}","templated":true}]}}