{"id":2195,"date":"2026-09-04T14:17:56","date_gmt":"2026-09-04T14:17:56","guid":{"rendered":"https:\/\/ultima-ora.com\/?p=2195"},"modified":"2026-09-04T14:17:56","modified_gmt":"2026-09-04T14:17:56","slug":"alvini-vuole-recuperare-schmid","status":"publish","type":"post","link":"https:\/\/ultima-ora.com\/?p=2195","title":{"rendered":"ALVINI VUOLE RECUPERARE SCHMID"},"content":{"rendered":"<p>In casa giallazzurra le attenzioni sono rivolte soprattutto sulle condizioni di Romano Schmid, che ha saltato la partita di Coppa Italia contro il Sassuolo a causa di un lieve affaticamento al polpaccio destro. Mister Massimiliano Alvini spera di recuperare il calciatore austriaco per\u00f2, in caso di forfait, sta gi\u00e0 preparando l&#8217;alternativa: Hasa favorito su Cichella per affiancare Masini e Cal\u00f2.<br \/>\nNella lista dei convocati potrebbe tornare Fares Ghedjemis, nonostante su di lui ci siano ancora sirene del mercato provenienti dalla Turchia.<br \/>\n 260Altri Sport 299Brevi Sport<\/p>\n","protected":false},"excerpt":{"rendered":"<p>In casa giallazzurra le attenzioni sono rivolte soprattutto sulle condizioni di Romano Schmid, che ha saltato la partita di Coppa Italia contro il Sassuolo a causa di un lieve affaticamento al polpaccio destro. Mister Massimiliano Alvini spera di recuperare il calciatore austriaco per\u00f2, in caso di forfait, sta gi\u00e0 preparando l&#8217;alternativa: Hasa favorito su Cichella [&hellip;]<\/p>\n","protected":false},"author":2,"featured_media":0,"comment_status":"closed","ping_status":"open","sticky":false,"template":"","format":"standard","meta":{"_jetpack_newsletter_access":"","_jetpack_dont_email_post_to_subs":false,"_jetpack_newsletter_tier_id":0,"_jetpack_memberships_contains_paywalled_content":false,"fifu_image_url":"","fifu_image_alt":"","_jetpack_feature_clip_id":0,"_jetpack_memberships_contains_paid_content":false,"footnotes":"","jetpack_publicize_message":"","jetpack_publicize_feature_enabled":true,"jetpack_social_post_already_shared":true,"jetpack_social_options":{"image_generator_settings":{"template":"highway","default_image_id":0,"font":"","enabled":false},"version":2},"jetpack_post_was_ever_published":false},"categories":[8],"tags":[9],"class_list":["post-2195","post","type-post","status-publish","format-standard","hentry","category-notizie-di-calcio","tag-calcio"],"jetpack_publicize_connections":[],"jetpack_sharing_enabled":true,"jetpack_likes_enabled":true,"jetpack_featured_media_url":"","_links":{"self":[{"href":"https:\/\/ultima-ora.com\/index.php?rest_route=\/wp\/v2\/posts\/2195","targetHints":{"allow":["GET"]}}],"collection":[{"href":"https:\/\/ultima-ora.com\/index.php?rest_route=\/wp\/v2\/posts"}],"about":[{"href":"https:\/\/ultima-ora.com\/index.php?rest_route=\/wp\/v2\/types\/post"}],"author":[{"embeddable":true,"href":"https:\/\/ultima-ora.com\/index.php?rest_route=\/wp\/v2\/users\/2"}],"replies":[{"embeddable":true,"href":"https:\/\/ultima-ora.com\/index.php?rest_route=%2Fwp%2Fv2%2Fcomments&post=2195"}],"version-history":[{"count":0,"href":"https:\/\/ultima-ora.com\/index.php?rest_route=\/wp\/v2\/posts\/2195\/revisions"}],"wp:attachment":[{"href":"https:\/\/ultima-ora.com\/index.php?rest_route=%2Fwp%2Fv2%2Fmedia&parent=2195"}],"wp:term":[{"taxonomy":"category","embeddable":true,"href":"https:\/\/ultima-ora.com\/index.php?rest_route=%2Fwp%2Fv2%2Fcategories&post=2195"},{"taxonomy":"post_tag","embeddable":true,"href":"https:\/\/ultima-ora.com\/index.php?rest_route=%2Fwp%2Fv2%2Ftags&post=2195"}],"curies":[{"name":"wp","href":"https:\/\/api.w.org\/{rel}","templated":true}]}}