{"id":2205,"date":"2026-09-04T16:12:57","date_gmt":"2026-09-04T16:12:57","guid":{"rendered":"https:\/\/ultima-ora.com\/?p=2205"},"modified":"2026-09-04T16:12:57","modified_gmt":"2026-09-04T16:12:57","slug":"il-serpente-clandestino-in-volo-da-lampedusa-a-palermo","status":"publish","type":"post","link":"https:\/\/ultima-ora.com\/?p=2205","title":{"rendered":"Il serpente &#8216;clandestino&#8217; in volo da Lampedusa a Palermo"},"content":{"rendered":"<p>Ultima Ora &#8211; C&#8217;era un piccolo serpente &#8216;clandestino&#8217; su un volo proveniente da Lampedusa e atterrato nell&#8217;aeroporto di Palermo: la presenza dell&#8217;animale \u00e8 stata segnalata all&#8217;equipaggio nelle fasi finali del volo, e sono poi stati i carabinieri forestali del distaccamento Cites di Punta Raisi a recuperare il rettile e a metterlo in sicurezza.<br \/>\nSi tratta di un serpente del genere Macroprotodon e, in particolare, riconducibile al colubro dal cappuccio (Macroprotodon cf. cucullatus), caratteristico della fauna di Lampedusa. Lampedusa costituisce l&#8217;unica localit\u00e0 europea nella quale \u00e8 nota una popolazione di questo serpente. La specie presenta una distribuzione prevalentemente nordafricana e la sua presenza sull&#8217;isola testimonia gli stretti rapporti biogeografici tra Lampedusa e il continente africano.<br \/>\nL&#8217;isola, appartenente geologicamente alla piattaforma continentale nordafricana e posta nel Canale di Sicilia a poco pi\u00f9 di cento chilometri dalle coste tunisine, ospita una fauna erpetologica con elementi peculiari rispetto al resto del territorio italiano.<br \/>\nLe abitudini del colubro dal cappuccio<br \/>\nIl colubro dal cappuccio, spiegano i carabinieri, \u00e8 un serpente di dimensioni contenute, legato prevalentemente ad ambienti caldi e aridi, pietrosi o rocciosi, con vegetazione erbacea xerofila e macchia mediterranea. Ha abitudini prevalentemente crepuscolari e notturne e conduce una vita piuttosto elusiva, circostanza che rende non frequente la sua osservazione. La popolazione presente a Lampedusa assume quindi particolare rilevanza dal punto di vista della conservazione e della tutela della biodiversit\u00e0 nazionale.<br \/>\nIndagini in corso e destino del serpente<br \/>\nSono in corso gli accertamenti dei Carabinieri finalizzati a ricostruire le circostanze del prelievo e del trasporto del rettile e a individuare l&#8217;eventuale responsabile. L&#8217;esemplare \u00e8 stato affidato dai Carabinieri Forestali a un esperto erpetologo nonch\u00e9 docente dell&#8217;Universit\u00e0 degli Studi di Palermo, che ne curer\u00e0 temporaneamente la custodia, verificandone le condizioni di salute e garantendone l&#8217;idonea permanenza fino alla reimmissione in natura.<\/p>\n","protected":false},"excerpt":{"rendered":"<p>Ultima Ora &#8211; C&#8217;era un piccolo serpente &#8216;clandestino&#8217; su un volo proveniente da Lampedusa e atterrato nell&#8217;aeroporto di Palermo: la presenza dell&#8217;animale \u00e8 stata segnalata all&#8217;equipaggio nelle fasi finali del volo, e sono poi stati i carabinieri forestali del distaccamento Cites di Punta Raisi a recuperare il rettile e a metterlo in sicurezza. Si tratta [&hellip;]<\/p>\n","protected":false},"author":2,"featured_media":0,"comment_status":"closed","ping_status":"open","sticky":false,"template":"","format":"standard","meta":{"_jetpack_newsletter_access":"","_jetpack_dont_email_post_to_subs":false,"_jetpack_newsletter_tier_id":0,"_jetpack_memberships_contains_paywalled_content":false,"fifu_image_url":"","fifu_image_alt":"","_jetpack_feature_clip_id":0,"_jetpack_memberships_contains_paid_content":false,"footnotes":"","jetpack_publicize_message":"","jetpack_publicize_feature_enabled":true,"jetpack_social_post_already_shared":true,"jetpack_social_options":{"image_generator_settings":{"template":"highway","default_image_id":0,"font":"","enabled":false},"version":2},"jetpack_post_was_ever_published":false},"categories":[7],"tags":[16],"class_list":["post-2205","post","type-post","status-publish","format-standard","hentry","category-notizie-italia","tag-italia"],"jetpack_publicize_connections":[],"jetpack_sharing_enabled":true,"jetpack_likes_enabled":true,"jetpack_featured_media_url":"","_links":{"self":[{"href":"https:\/\/ultima-ora.com\/index.php?rest_route=\/wp\/v2\/posts\/2205","targetHints":{"allow":["GET"]}}],"collection":[{"href":"https:\/\/ultima-ora.com\/index.php?rest_route=\/wp\/v2\/posts"}],"about":[{"href":"https:\/\/ultima-ora.com\/index.php?rest_route=\/wp\/v2\/types\/post"}],"author":[{"embeddable":true,"href":"https:\/\/ultima-ora.com\/index.php?rest_route=\/wp\/v2\/users\/2"}],"replies":[{"embeddable":true,"href":"https:\/\/ultima-ora.com\/index.php?rest_route=%2Fwp%2Fv2%2Fcomments&post=2205"}],"version-history":[{"count":0,"href":"https:\/\/ultima-ora.com\/index.php?rest_route=\/wp\/v2\/posts\/2205\/revisions"}],"wp:attachment":[{"href":"https:\/\/ultima-ora.com\/index.php?rest_route=%2Fwp%2Fv2%2Fmedia&parent=2205"}],"wp:term":[{"taxonomy":"category","embeddable":true,"href":"https:\/\/ultima-ora.com\/index.php?rest_route=%2Fwp%2Fv2%2Fcategories&post=2205"},{"taxonomy":"post_tag","embeddable":true,"href":"https:\/\/ultima-ora.com\/index.php?rest_route=%2Fwp%2Fv2%2Ftags&post=2205"}],"curies":[{"name":"wp","href":"https:\/\/api.w.org\/{rel}","templated":true}]}}