{"id":2206,"date":"2026-09-04T16:12:57","date_gmt":"2026-09-04T16:12:57","guid":{"rendered":"https:\/\/ultima-ora.com\/?p=2206"},"modified":"2026-09-04T16:12:57","modified_gmt":"2026-09-04T16:12:57","slug":"controesodo-scatta-il-bollino-rosso-previsti-27-milioni-di-spostamenti-nel-weekend","status":"publish","type":"post","link":"https:\/\/ultima-ora.com\/?p=2206","title":{"rendered":"Controesodo, scatta il bollino rosso: previsti 27 milioni di spostamenti nel weekend"},"content":{"rendered":"<p>Ultima Ora &#8211; Al via il controesodo con il primo weekend di settembre: gli italiani tornano a casa per la riapertura delle scuole e la ripresa delle attivit\u00e0 lavorative.<br \/>\nViabilit\u00e0 Italia ha annunciato bollino rosso nel pomeriggio di domani, sabato 5 settembre, e in quello di domenica 6: spostamenti in netta crescita verso i grandi centri urbani in tutta Italia dalle localit\u00e0 di villeggiatura.<br \/>\nParte il controesodo: cosa dobbiamo aspettarci?<br \/>\n&#8220;Con questo weekend si conclude la stagione degli spostamenti estivi &#8211; ha dichiarato l&#8217;amministratore Delegato di Anas, Claudio Andrea Gemme &#8211; in base alle stime dell&#8217;Osservatorio Mobilit\u00e0 Stradale di Anas, da oggi sino a domenica 6 settembre sulle strade e autostrade della societ\u00e0 del Gruppo Fs, ci saranno oltre 27 milioni di spostamenti.<br \/>\nSi tratta di giornate in cui la circolazione resta intensa lungo la rete stradale e autostradale, soprattutto sulle principali direttrici di collegamento tra le localit\u00e0 turistiche e i grandi centri urbani. I flussi di traffico interessano l&#8217;intero territorio nazionale e richiedono la massima attenzione da parte di tutti gli utenti della strada&#8221;.\u00a0<br \/>\nLa sicurezza resta la priorit\u00e0<br \/>\nIn questa fase conclusiva dell&#8217;esodo estivo &#8211; prosegue Gemme &#8211; \u00e8 fondamentale affrontare ogni viaggio con responsabilit\u00e0 e consapevolezza. La volont\u00e0 di rientrare rapidamente a casa o di riprendere le proprie attivit\u00e0 non deve tradursi in comportamenti frettolosi o imprudenti. La sicurezza deve restare la priorit\u00e0 assoluta. Invito tutti gli automobilisti a pianificare gli spostamenti, a informarsi in anticipo sulle condizioni del traffico, a rispettare i limiti di velocit\u00e0 e a mantenere sempre comportamenti prudenti e rispettosi degli altri utenti della strada. Qualche minuto in pi\u00f9 nel viaggio non cambia il rientro; una distrazione o una scelta errata alla guida possono invece avere conseguenze molto gravi&#8221;.<br \/>\nL&#8217;ad di Anas ribadisce inoltre un messaggio &#8220;che resta fondamentale in ogni periodo dell&#8217;anno: non utilizzare mai il cellulare mentre si guida. Bastano pochi secondi di distrazione per mettere a rischio la propria vita e quella degli altri&#8221;, e rivolge un ringraziamento a tutto il personale Anas impegnato quotidianamente sul territorio per garantire la sicurezza e la percorribilit\u00e0 della rete stradale.<br \/>\nLa tutela della vita come primo obiettivo<br \/>\n&#8220;Accompagniamo la conclusione dell&#8217;estate e la ripartenza del Paese con senso di responsabilit\u00e0, prudenza e rispetto reciproco. La strada \u00e8 uno spazio condiviso e la tutela della vita deve essere sempre il nostro primo obiettivo&#8221;, conclude Gemme.<br \/>\nAnas ha potenziato l&#8217;impegno del personale su tutto il territorio nazionale e ha ridimensionato la presenza dei cantieri: fino al 7 settembre saranno chiusi o sospesi 1.175 cantieri, l&#8217;83% di quelli attivi (1.414). Per far fronte all&#8217;incremento del traffico, Anas ha all&#8217;attivo circa 2.500 tra tecnici e personale di esercizio, insieme agli operatori delle Sale Operative Territoriali e della Sala Situazioni Nazionale, impegnati per assicurare un presidio costante della rete e garantire il pi\u00f9 elevato livello possibile di assistenza agli utenti e di gestione del traffico.\u00a0<\/p>\n","protected":false},"excerpt":{"rendered":"<p>Ultima Ora &#8211; Al via il controesodo con il primo weekend di settembre: gli italiani tornano a casa per la riapertura delle scuole e la ripresa delle attivit\u00e0 lavorative. Viabilit\u00e0 Italia ha annunciato bollino rosso nel pomeriggio di domani, sabato 5 settembre, e in quello di domenica 6: spostamenti in netta crescita verso i grandi [&hellip;]<\/p>\n","protected":false},"author":2,"featured_media":0,"comment_status":"closed","ping_status":"open","sticky":false,"template":"","format":"standard","meta":{"_jetpack_newsletter_access":"","_jetpack_dont_email_post_to_subs":false,"_jetpack_newsletter_tier_id":0,"_jetpack_memberships_contains_paywalled_content":false,"fifu_image_url":"","fifu_image_alt":"","_jetpack_feature_clip_id":0,"_jetpack_memberships_contains_paid_content":false,"footnotes":"","jetpack_publicize_message":"","jetpack_publicize_feature_enabled":true,"jetpack_social_post_already_shared":true,"jetpack_social_options":{"image_generator_settings":{"template":"highway","default_image_id":0,"font":"","enabled":false},"version":2},"jetpack_post_was_ever_published":false},"categories":[7],"tags":[16],"class_list":["post-2206","post","type-post","status-publish","format-standard","hentry","category-notizie-italia","tag-italia"],"jetpack_publicize_connections":[],"jetpack_sharing_enabled":true,"jetpack_likes_enabled":true,"jetpack_featured_media_url":"","_links":{"self":[{"href":"https:\/\/ultima-ora.com\/index.php?rest_route=\/wp\/v2\/posts\/2206","targetHints":{"allow":["GET"]}}],"collection":[{"href":"https:\/\/ultima-ora.com\/index.php?rest_route=\/wp\/v2\/posts"}],"about":[{"href":"https:\/\/ultima-ora.com\/index.php?rest_route=\/wp\/v2\/types\/post"}],"author":[{"embeddable":true,"href":"https:\/\/ultima-ora.com\/index.php?rest_route=\/wp\/v2\/users\/2"}],"replies":[{"embeddable":true,"href":"https:\/\/ultima-ora.com\/index.php?rest_route=%2Fwp%2Fv2%2Fcomments&post=2206"}],"version-history":[{"count":0,"href":"https:\/\/ultima-ora.com\/index.php?rest_route=\/wp\/v2\/posts\/2206\/revisions"}],"wp:attachment":[{"href":"https:\/\/ultima-ora.com\/index.php?rest_route=%2Fwp%2Fv2%2Fmedia&parent=2206"}],"wp:term":[{"taxonomy":"category","embeddable":true,"href":"https:\/\/ultima-ora.com\/index.php?rest_route=%2Fwp%2Fv2%2Fcategories&post=2206"},{"taxonomy":"post_tag","embeddable":true,"href":"https:\/\/ultima-ora.com\/index.php?rest_route=%2Fwp%2Fv2%2Ftags&post=2206"}],"curies":[{"name":"wp","href":"https:\/\/api.w.org\/{rel}","templated":true}]}}