{"id":2213,"date":"2026-09-04T18:07:55","date_gmt":"2026-09-04T18:07:55","guid":{"rendered":"https:\/\/ultima-ora.com\/?p=2213"},"modified":"2026-09-04T18:07:55","modified_gmt":"2026-09-04T18:07:55","slug":"turano-nessun-rinvio-dellinizio-dellanno-scolastico-in-sicilia","status":"publish","type":"post","link":"https:\/\/ultima-ora.com\/?p=2213","title":{"rendered":"Turano \u201cNessun rinvio dell\u2019inizio dell\u2019anno scolastico in Sicilia\u201d"},"content":{"rendered":"<p>PALERMO Ultima Ora \/ IPA \u2013 \u201cL\u2019ipotesi di far slittare l\u2019inizio delle lezioni non pu\u00f2 essere accolta, per una serie di ragioni. Intanto, perch\u00e9 l\u2019anno scolastico, per legge, deve avere una durata di 206 giorni e poi perch\u00e9 la scuola finisce il 9 giugno, il 16 giugno cominciano gli esami di Stato, dal 9 al 13 giugno i docenti saranno riuniti per gli scrutini e le ammissioni agli esami di maturit\u00e0 mentre dal 14 giugno si insedieranno come commissari. Se il caldo perdura per un altro mese cosa facciamo, teniamo le scuole chiuse?\u201d. Cos\u00ec in un\u2019intervista al TGR Sicilia l\u2019assessore regionale all\u2019Istruzione e alla formazione professionale, Mimmo Turano.<br \/>\n\u201cIl problema esiste e posso gi\u00e0 anticipare che la prossima emergenza si presenter\u00e0 nel mese di dicembre, quando scopriremo che le caldaie non funzionano \u2013 ha osservato -. Ma voglio essere chiaro su un punto: le scuole sono di propriet\u00e0 dei Comuni e delle ex Province, dunque sono gli enti locali a dover intervenire, perch\u00e9 se la Regione decidesse di mettere un impianto refrigerante in una scuola ora, non lo potrebbe fare\u201d.<br \/>\n \u201cCon il Presidente della Regione \u2013 ha detto Turano \u2013 ci faremo promotori di un intervento con il Gestore dei Servizi Energetici per cercare tutte le soluzioni possibili per ammodernare anche con impianti di condizionamento gli edifici scolastici. Stiamo gi\u00e0 pensando ad un piano straordinario, ma serviranno delle risorse insieme alla collaborazione degli enti locali\u201d.<br \/>\nPoi riferendosi all\u2019ordinanza del sindaco di Rosolini, Giovanni Spadola, che ha disposto la sospensione delle attivit\u00e0 didattiche dal 15 al 18 settembre per interventi di derattizzazione, nelle scuole in conseguenza delle eccezionali condizioni meteo climatiche, Turano ha osservato: \u201cSe il sindaco di Rosolini ha elementi per ritenere che ci sono ragioni di sanit\u00e0 pubblica, ha fatto bene, una cosa \u00e8 il benessere, altro la sanit\u00e0 pubblica. Se il sindaco motiva l\u2019ordinanza dicendo che deve fare la disinfestazione il giorno dell\u2019apertura delle scuole, dopo avere perso tre mesi di tempo e non averla fatta d\u2019estate, \u00e8 un problema del sindaco di Rosolini\u2026\u201d.<br \/>\nFonte: IPA<br \/>\nUltima Ora \/ IPA.<\/p>\n","protected":false},"excerpt":{"rendered":"<p>PALERMO Ultima Ora \/ IPA \u2013 \u201cL\u2019ipotesi di far slittare l\u2019inizio delle lezioni non pu\u00f2 essere accolta, per una serie di ragioni. Intanto, perch\u00e9 l\u2019anno scolastico, per legge, deve avere una durata di 206 giorni e poi perch\u00e9 la scuola finisce il 9 giugno, il 16 giugno cominciano gli esami di Stato, dal 9 al [&hellip;]<\/p>\n","protected":false},"author":1,"featured_media":0,"comment_status":"closed","ping_status":"open","sticky":false,"template":"","format":"standard","meta":{"_jetpack_newsletter_access":"","_jetpack_dont_email_post_to_subs":false,"_jetpack_newsletter_tier_id":0,"_jetpack_memberships_contains_paywalled_content":false,"fifu_image_url":"","fifu_image_alt":"","_jetpack_feature_clip_id":0,"_jetpack_memberships_contains_paid_content":false,"footnotes":"","jetpack_publicize_message":"","jetpack_publicize_feature_enabled":true,"jetpack_social_post_already_shared":true,"jetpack_social_options":{"image_generator_settings":{"template":"highway","default_image_id":0,"font":"","enabled":false},"version":2},"jetpack_post_was_ever_published":false},"categories":[5],"tags":[14],"class_list":["post-2213","post","type-post","status-publish","format-standard","hentry","category-ultime-notizie","tag-ultime"],"jetpack_publicize_connections":[],"jetpack_sharing_enabled":true,"jetpack_likes_enabled":true,"jetpack_featured_media_url":"","_links":{"self":[{"href":"https:\/\/ultima-ora.com\/index.php?rest_route=\/wp\/v2\/posts\/2213","targetHints":{"allow":["GET"]}}],"collection":[{"href":"https:\/\/ultima-ora.com\/index.php?rest_route=\/wp\/v2\/posts"}],"about":[{"href":"https:\/\/ultima-ora.com\/index.php?rest_route=\/wp\/v2\/types\/post"}],"author":[{"embeddable":true,"href":"https:\/\/ultima-ora.com\/index.php?rest_route=\/wp\/v2\/users\/1"}],"replies":[{"embeddable":true,"href":"https:\/\/ultima-ora.com\/index.php?rest_route=%2Fwp%2Fv2%2Fcomments&post=2213"}],"version-history":[{"count":0,"href":"https:\/\/ultima-ora.com\/index.php?rest_route=\/wp\/v2\/posts\/2213\/revisions"}],"wp:attachment":[{"href":"https:\/\/ultima-ora.com\/index.php?rest_route=%2Fwp%2Fv2%2Fmedia&parent=2213"}],"wp:term":[{"taxonomy":"category","embeddable":true,"href":"https:\/\/ultima-ora.com\/index.php?rest_route=%2Fwp%2Fv2%2Fcategories&post=2213"},{"taxonomy":"post_tag","embeddable":true,"href":"https:\/\/ultima-ora.com\/index.php?rest_route=%2Fwp%2Fv2%2Ftags&post=2213"}],"curies":[{"name":"wp","href":"https:\/\/api.w.org\/{rel}","templated":true}]}}