{"id":2214,"date":"2026-09-04T18:12:57","date_gmt":"2026-09-04T18:12:57","guid":{"rendered":"https:\/\/ultima-ora.com\/?p=2214"},"modified":"2026-09-04T18:12:57","modified_gmt":"2026-09-04T18:12:57","slug":"latleta-canadese-kalie-mccrystal-dispersa-sul-cervino","status":"publish","type":"post","link":"https:\/\/ultima-ora.com\/?p=2214","title":{"rendered":"L&#8217;atleta canadese Kalie McCrystal dispersa sul Cervino"},"content":{"rendered":"<p>Ultima Ora &#8211; Nessuna traccia in montagna per la trail runner canadese Kalie McCrystal che \u00e8 dispersa sul Cervino. L\u2019atleta di 38 anni \u00e8 stata avvistata l\u2019ultima volta marted\u00ec poco sopra la capanna Carrel a 3.830 metri. Un\u2019amica, con cui era in contatto, non sentendola nelle successive 48 ore ha dato l\u2019allarme.<br \/>\nLa scalata della montagna in meno di cinque ore\u00a0<br \/>\nIl grande sogno di Kalie era la salita e discesa del Cervino in meno di cinque ore. Due elicotteri del Soccorso Alpino Valdostano hanno sorvolato a pi\u00f9 riprese l\u2019intero itinerario affiancati dal lavoro dei vigili del fuoco e del soccorso alpino della Guardia di finanza.<br \/>\nIn base ad accertamenti sulla cellula telefonica non risulta che il telefono della donna avesse agganciato, in quell\u2019intervallo di tempo, la rete italiana. Infatti, non \u00e8 escluso che Kalie fosse gi\u00e0 entrato in territorio svizzero. La segnalazione del mancato rientro \u00e8 stata comunicata anche alla polizia cantonale del Vallese.<br \/>\nLa passione per la corsa in montagna\u00a0<br \/>\nKalie McCrystal avvocata specializzata in arbitrato internazionale \u00e8 un\u2019atleta tesserata con Athletics Canada ed \u00e8 una grande appassionata di corsa in montagna. Tra le \u2018medaglie\u2019 pi\u00f9 significative la vittoria della 55 chilometri della Whistler Alpine Meadows nella Columbia Britannica nel 2022<\/p>\n","protected":false},"excerpt":{"rendered":"<p>Ultima Ora &#8211; Nessuna traccia in montagna per la trail runner canadese Kalie McCrystal che \u00e8 dispersa sul Cervino. L\u2019atleta di 38 anni \u00e8 stata avvistata l\u2019ultima volta marted\u00ec poco sopra la capanna Carrel a 3.830 metri. Un\u2019amica, con cui era in contatto, non sentendola nelle successive 48 ore ha dato l\u2019allarme. La scalata della [&hellip;]<\/p>\n","protected":false},"author":2,"featured_media":0,"comment_status":"closed","ping_status":"open","sticky":false,"template":"","format":"standard","meta":{"_jetpack_newsletter_access":"","_jetpack_dont_email_post_to_subs":false,"_jetpack_newsletter_tier_id":0,"_jetpack_memberships_contains_paywalled_content":false,"fifu_image_url":"","fifu_image_alt":"","_jetpack_feature_clip_id":0,"_jetpack_memberships_contains_paid_content":false,"footnotes":"","jetpack_publicize_message":"","jetpack_publicize_feature_enabled":true,"jetpack_social_post_already_shared":true,"jetpack_social_options":{"image_generator_settings":{"template":"highway","default_image_id":0,"font":"","enabled":false},"version":2},"jetpack_post_was_ever_published":false},"categories":[7],"tags":[16],"class_list":["post-2214","post","type-post","status-publish","format-standard","hentry","category-notizie-italia","tag-italia"],"jetpack_publicize_connections":[],"jetpack_sharing_enabled":true,"jetpack_likes_enabled":true,"jetpack_featured_media_url":"","_links":{"self":[{"href":"https:\/\/ultima-ora.com\/index.php?rest_route=\/wp\/v2\/posts\/2214","targetHints":{"allow":["GET"]}}],"collection":[{"href":"https:\/\/ultima-ora.com\/index.php?rest_route=\/wp\/v2\/posts"}],"about":[{"href":"https:\/\/ultima-ora.com\/index.php?rest_route=\/wp\/v2\/types\/post"}],"author":[{"embeddable":true,"href":"https:\/\/ultima-ora.com\/index.php?rest_route=\/wp\/v2\/users\/2"}],"replies":[{"embeddable":true,"href":"https:\/\/ultima-ora.com\/index.php?rest_route=%2Fwp%2Fv2%2Fcomments&post=2214"}],"version-history":[{"count":0,"href":"https:\/\/ultima-ora.com\/index.php?rest_route=\/wp\/v2\/posts\/2214\/revisions"}],"wp:attachment":[{"href":"https:\/\/ultima-ora.com\/index.php?rest_route=%2Fwp%2Fv2%2Fmedia&parent=2214"}],"wp:term":[{"taxonomy":"category","embeddable":true,"href":"https:\/\/ultima-ora.com\/index.php?rest_route=%2Fwp%2Fv2%2Fcategories&post=2214"},{"taxonomy":"post_tag","embeddable":true,"href":"https:\/\/ultima-ora.com\/index.php?rest_route=%2Fwp%2Fv2%2Ftags&post=2214"}],"curies":[{"name":"wp","href":"https:\/\/api.w.org\/{rel}","templated":true}]}}