{"id":2231,"date":"2026-09-05T06:11:06","date_gmt":"2026-09-05T06:11:06","guid":{"rendered":"https:\/\/ultima-ora.com\/?p=2231"},"modified":"2026-09-05T06:11:06","modified_gmt":"2026-09-05T06:11:06","slug":"terremoto-nel-reatino-scossa-di-magnitudo-2-9-a-3-km-da-accumoli","status":"publish","type":"post","link":"https:\/\/ultima-ora.com\/?p=2231","title":{"rendered":"Terremoto nel reatino, scossa di magnitudo 2.9 a 3 km da Accumoli"},"content":{"rendered":"<p>Ultima Ora &#8211; Scossa di terremoto alle 6.02 di magnitudo 2.9 a 3 km a Est di Accumoli. La profondit\u00e0 dell&#8217;evento \u00e8 stata di 8.9 km, con epicentro nella zona dei Monti della Laga.<br \/>\n  Il movimento tellurico \u00e8 stato avvertito dalla popolazione.\u00a0<br \/>\nDopo le 7.00 sono state avvertite nella stessa zona altre due scosse di magnitudo 2.1 e 2.4 registrate dalla Sala Sismica INGV-Roma.<br \/>\n\u00a0<\/p>\n<p>\u00a0<br \/>\n\u00a0<\/p>\n","protected":false},"excerpt":{"rendered":"<p>Ultima Ora &#8211; Scossa di terremoto alle 6.02 di magnitudo 2.9 a 3 km a Est di Accumoli. La profondit\u00e0 dell&#8217;evento \u00e8 stata di 8.9 km, con epicentro nella zona dei Monti della Laga. Il movimento tellurico \u00e8 stato avvertito dalla popolazione.\u00a0 Dopo le 7.00 sono state avvertite nella stessa zona altre due scosse di [&hellip;]<\/p>\n","protected":false},"author":2,"featured_media":0,"comment_status":"closed","ping_status":"open","sticky":false,"template":"","format":"standard","meta":{"_jetpack_newsletter_access":"","_jetpack_dont_email_post_to_subs":false,"_jetpack_newsletter_tier_id":0,"_jetpack_memberships_contains_paywalled_content":false,"fifu_image_url":"","fifu_image_alt":"","_jetpack_feature_clip_id":0,"_jetpack_memberships_contains_paid_content":false,"footnotes":"","jetpack_publicize_message":"","jetpack_publicize_feature_enabled":true,"jetpack_social_post_already_shared":true,"jetpack_social_options":{"image_generator_settings":{"template":"highway","default_image_id":0,"font":"","enabled":false},"version":2},"jetpack_post_was_ever_published":false},"categories":[7],"tags":[16],"class_list":["post-2231","post","type-post","status-publish","format-standard","hentry","category-notizie-italia","tag-italia"],"jetpack_publicize_connections":[],"jetpack_sharing_enabled":true,"jetpack_likes_enabled":true,"jetpack_featured_media_url":"","_links":{"self":[{"href":"https:\/\/ultima-ora.com\/index.php?rest_route=\/wp\/v2\/posts\/2231","targetHints":{"allow":["GET"]}}],"collection":[{"href":"https:\/\/ultima-ora.com\/index.php?rest_route=\/wp\/v2\/posts"}],"about":[{"href":"https:\/\/ultima-ora.com\/index.php?rest_route=\/wp\/v2\/types\/post"}],"author":[{"embeddable":true,"href":"https:\/\/ultima-ora.com\/index.php?rest_route=\/wp\/v2\/users\/2"}],"replies":[{"embeddable":true,"href":"https:\/\/ultima-ora.com\/index.php?rest_route=%2Fwp%2Fv2%2Fcomments&post=2231"}],"version-history":[{"count":0,"href":"https:\/\/ultima-ora.com\/index.php?rest_route=\/wp\/v2\/posts\/2231\/revisions"}],"wp:attachment":[{"href":"https:\/\/ultima-ora.com\/index.php?rest_route=%2Fwp%2Fv2%2Fmedia&parent=2231"}],"wp:term":[{"taxonomy":"category","embeddable":true,"href":"https:\/\/ultima-ora.com\/index.php?rest_route=%2Fwp%2Fv2%2Fcategories&post=2231"},{"taxonomy":"post_tag","embeddable":true,"href":"https:\/\/ultima-ora.com\/index.php?rest_route=%2Fwp%2Fv2%2Ftags&post=2231"}],"curies":[{"name":"wp","href":"https:\/\/api.w.org\/{rel}","templated":true}]}}