{"id":2245,"date":"2026-09-05T09:11:05","date_gmt":"2026-09-05T09:11:05","guid":{"rendered":"https:\/\/ultima-ora.com\/?p=2245"},"modified":"2026-09-05T09:11:05","modified_gmt":"2026-09-05T09:11:05","slug":"afa-e-precari-scaldano-il-ritorno-in-classe-scuola-al-via-il-7-settembre","status":"publish","type":"post","link":"https:\/\/ultima-ora.com\/?p=2245","title":{"rendered":"Afa e precari &#8216;scaldano&#8217; il ritorno in classe. Scuola al via il 7 settembre"},"content":{"rendered":"<p>Ultima Ora &#8211; Al via l&#8217;anno scolastico 2026\/2027, tra vecchie polemiche sul numero dei docenti in cattedra e l&#8217;insolito caldo torrido di settembre che non accenna a lasciare il nostro Paese. Da luned\u00ec 7, la prima campanella suoner\u00e0 per gli studenti di Bolzano, i primi a tornare tra i banchi di scuola; gli ultimi saranno quelli della Puglia, il 17 settembre.<br \/>\nIl calendario scolastico come sempre \u00e8 diverso da regione a regione per la data di inizio e di fine delle lezioni, cosi&#8217; come per i giorni di chiusura delle scuole nelle festivit\u00e0 natalizie, pasquali e in altri periodi: i primi a tornare in classe quindi saranno gli alunni della Provincia Autonoma di Bolzano; nello stesso giorno \u00e8 previsto l&#8217;inizio anticipato per le scuole dell&#8217;infanzia in Lombardia.<br \/>\nDa gioved\u00ec 10 settembre, toccher\u00e0 ai ragazzi di Valle d&#8217;Aosta, Veneto e Provincia Autonoma di Trento. Successivamente, luned\u00ec 14 settembre, torneranno in classe gli studenti di Friuli Venezia Giulia, Liguria, Lombardia (per i gradi successivi all&#8217;infanzia), Marche, Molise, Piemonte e Umbria. Il giorno dopo, il 15 settembre, inizio lezioni anche in Calabria, Campania, Emilia-Romagna, Lazio, Sicilia e Toscana. Il 16 settembre, Abruzzo, Basilicata e Sardegna.<br \/>\nI pi\u00f9 &#8216;fortunati&#8217; sono gli studenti della Puglia che rientreranno a scuola il 17 settembre. Fortunati anche perch\u00e9 quest&#8217;anno, ancora di pi\u00f9 rispetto ai precedenti, i ragazzi dovranno affrontare non solo i libri di testo (con annessi gli usuali costi sempre troppo elevati) ma anche il problema caldo.<br \/>\nLa polemica sul caldo torrido e il fondo per il raffrescamento<br \/>\nQuesta questione ha innescato una polemica tra ministero dell&#8217;Istruzione e sindacati. La Flc Cgil ha criticato lo stanziamento del Mim di 20 milioni di euro per rinfrescare le aule, secondo loro una cifra non sufficiente.<br \/>\n&#8220;Il ministro Valditara si vanta di aver previsto lo stanziamento di 20 milioni di euro per apparecchi e dispositivi per il raffrescamento, ma la sua non \u00e8 una risposta efficace alle condizioni estreme che si apprestano a vivere alunni e personale&#8221;, ha lamentato la Federazione lavoratori della conoscenza Cgil. &#8220;Facendo qualche rapido conto, infatti, risulta che con 20 milioni di euro da ripartire tra le 45.669 sedi scolastiche distribuite nel Paese si arriva alla cifra di 437,93 euro per plesso e, considerando la distribuzione per classe, 20 milioni di euro, ripartite tra le 350.000 classi, rappresentano un contributo di circa 57 euro per aula, utili probabilmente per l&#8217;acquisto di un ventilatore&#8221;, ha sostenuto la Flc Cgil.<br \/>\nAnche la Cisl Scuola ha sollevato il problema per il Lazio, denunciando che \u00e8 &#8220;la regione italiana con il pi\u00f9 basso tasso di edifici scolastici dotati di impianti di climatizzazione: appena l&#8217;1,6%&#8221; e chiedendo un incontro urgente al governatore Francesco Rocca.<br \/>\nIl ministro Valditara ha replicato che &#8220;i 20 milioni messi a disposizione delle istituzioni scolastiche dal Mim per dispositivi di raffrescamento rappresentano un intervento emergenziale in vista di ulteriori misure strutturali&#8221;, ribadendo che &#8220;le competenze in materia sono degli enti locali che dunque devono fare la loro parte&#8221;. E inoltre, ha aggiunto: &#8220;Il sindacato calcola che i 20 milioni si tradurrebbero in una media di 57 euro per classe. Se consideriamo tuttavia che il 10% delle scuole \u00e8 gi\u00e0 fornito di impianto di condizionamento, che molti dispositivi sono gi\u00e0 stati nel frattempo acquistati e che questo intervento emergenziale verosimilmente interesser\u00e0 in particolare ad alcune aree del paese, si pu\u00f2 immaginare una somma sicuramente superiore. Ci\u00f2 consentirebbe l&#8217;acquisto di un condizionatore o dispositivo mobile per ogni classe&#8221;.<br \/>\nCattedre e precariato: le posizioni di Ministero e Sindacati<br \/>\nAltro fronte di polemica, questo invece ben noto e ripetuto ad ogni inizio di anno scolastico, riguarda il numero dei docenti e dei precari. Per il ministro dell&#8217;Istruzione, Giuseppe Valditara, &#8220;il nuovo anno parte con tutti i docenti in cattedra. Per il secondo anno consecutivo abbiamo completato le operazioni di assunzione prima dell&#8217;inizio dell&#8217;anno scolastico assicurando la presenza di tutti gli insegnanti in classe fin dal primo giorno di scuola&#8221;.<br \/>\nMa la segretaria generale della Flc Cgil, Gianna Fracassi, ha sostenuto che &#8220;oltre i racconti di facciata&#8221; sono ancora &#8220;oltre 200.000 i precari tra docenti e Ata&#8221; con &#8220;stipendi tra i pi\u00f9 bassi d&#8217;Europa e continua perdita del potere d&#8217;acquisto&#8221; e l'&#8221;assenza di un vero piano di stabilizzazione e di investimenti strutturali&#8221;.<br \/>\nDal ministero per\u00f2 hanno spiegato di aver &#8220;effettuato, entro il 31 agosto, tutte le immissioni in ruolo di docenti su posto comune, di sostegno e per l&#8217;insegnamento della religione cattolica, per un totale di 37.430&#8221;. Mentre, &#8220;alla stessa data, lo scorso anno scolastico le immissioni in ruolo erano 29.685&#8221;.<br \/>\nQuindi, &#8220;al 31 agosto &#8211; hanno fatto sapere dal Mim &#8211; \u00e8 stata anche coperta la quasi totalit\u00e0 delle supplenze, pari a circa 118 mila posti. Inoltre, alla stessa data, sono stati confermati, su richiesta delle famiglie, ben 55.814 supplenti su posto di sostegno, quasi 10 mila in pi\u00f9 rispetto al 2025\/2026&#8221;. E ancora, questi i numeri forniti dal Mim: &#8220;immissione in ruolo di 342 Dirigenti scolastici sui posti vacanti nelle varie Regioni, anch&#8217;essi in servizio dal 1 settembre; in fase di conclusione anche le assunzioni di 12.284 unita&#8217; di personale Ata&#8221;.<br \/>\n  Polemiche a parte, per gli studenti e le studentesse si ricomincia, tra ansie e aspettative per un futuro che si costruisce proprio a partire dalla scuola.<br \/>\n\u00a0<\/p>\n","protected":false},"excerpt":{"rendered":"<p>Ultima Ora &#8211; Al via l&#8217;anno scolastico 2026\/2027, tra vecchie polemiche sul numero dei docenti in cattedra e l&#8217;insolito caldo torrido di settembre che non accenna a lasciare il nostro Paese. Da luned\u00ec 7, la prima campanella suoner\u00e0 per gli studenti di Bolzano, i primi a tornare tra i banchi di scuola; gli ultimi saranno [&hellip;]<\/p>\n","protected":false},"author":2,"featured_media":0,"comment_status":"closed","ping_status":"open","sticky":false,"template":"","format":"standard","meta":{"_jetpack_newsletter_access":"","_jetpack_dont_email_post_to_subs":false,"_jetpack_newsletter_tier_id":0,"_jetpack_memberships_contains_paywalled_content":false,"fifu_image_url":"","fifu_image_alt":"","_jetpack_feature_clip_id":0,"_jetpack_memberships_contains_paid_content":false,"footnotes":"","jetpack_publicize_message":"","jetpack_publicize_feature_enabled":true,"jetpack_social_post_already_shared":true,"jetpack_social_options":{"image_generator_settings":{"template":"highway","default_image_id":0,"font":"","enabled":false},"version":2},"jetpack_post_was_ever_published":false},"categories":[7],"tags":[16],"class_list":["post-2245","post","type-post","status-publish","format-standard","hentry","category-notizie-italia","tag-italia"],"jetpack_publicize_connections":[],"jetpack_sharing_enabled":true,"jetpack_likes_enabled":true,"jetpack_featured_media_url":"","_links":{"self":[{"href":"https:\/\/ultima-ora.com\/index.php?rest_route=\/wp\/v2\/posts\/2245","targetHints":{"allow":["GET"]}}],"collection":[{"href":"https:\/\/ultima-ora.com\/index.php?rest_route=\/wp\/v2\/posts"}],"about":[{"href":"https:\/\/ultima-ora.com\/index.php?rest_route=\/wp\/v2\/types\/post"}],"author":[{"embeddable":true,"href":"https:\/\/ultima-ora.com\/index.php?rest_route=\/wp\/v2\/users\/2"}],"replies":[{"embeddable":true,"href":"https:\/\/ultima-ora.com\/index.php?rest_route=%2Fwp%2Fv2%2Fcomments&post=2245"}],"version-history":[{"count":0,"href":"https:\/\/ultima-ora.com\/index.php?rest_route=\/wp\/v2\/posts\/2245\/revisions"}],"wp:attachment":[{"href":"https:\/\/ultima-ora.com\/index.php?rest_route=%2Fwp%2Fv2%2Fmedia&parent=2245"}],"wp:term":[{"taxonomy":"category","embeddable":true,"href":"https:\/\/ultima-ora.com\/index.php?rest_route=%2Fwp%2Fv2%2Fcategories&post=2245"},{"taxonomy":"post_tag","embeddable":true,"href":"https:\/\/ultima-ora.com\/index.php?rest_route=%2Fwp%2Fv2%2Ftags&post=2245"}],"curies":[{"name":"wp","href":"https:\/\/api.w.org\/{rel}","templated":true}]}}