{"id":2260,"date":"2026-09-05T12:06:07","date_gmt":"2026-09-05T12:06:07","guid":{"rendered":"https:\/\/ultima-ora.com\/?p=2260"},"modified":"2026-09-05T12:06:07","modified_gmt":"2026-09-05T12:06:07","slug":"stagione-finita-per-pogacar-ma-lo-sloveno-rinnova-con-luae-emirates-fino-al-2032","status":"publish","type":"post","link":"https:\/\/ultima-ora.com\/?p=2260","title":{"rendered":"Stagione finita per Pogacar, ma lo sloveno rinnova con l\u2019UAE Emirates fino al 2032"},"content":{"rendered":"<p>ROMA Ultima Ora \/ IPA \u2013 Tadej Pogacar torner\u00e0 in sella solo il prossimo anno ma sar\u00e0 ancora su una bici della UAE Team Emirates-XRG e cos\u00ec fino al 2032. Una settimana dopo la caduta alla Vuelta di Spagna che lo ha costretto al ritiro mentre era saldamente al comando della classifica generale, il corridore sloveno \u2013 28 anni il prossimo 21 settembre \u2013 allunga per altri sei anni il suo legame col team che lo ha lanciato fra i pro nel 2019. Al contempo Pogacar annuncia per\u00f2 di chiudere in anticipo la stagione: niente Mondiali n\u00e8 Il Lombardia dove si \u00e8 aggiudicato le ultime cinque edizioni.<br \/>\n\u201cFin dall\u2019inizio, questa squadra mi \u00e8 sembrata casa \u2013 commenta sul rinnovo \u2013 Siamo cresciuti insieme nel corso degli anni e abbiamo condiviso momenti incredibili, quindi sono molto felice di prolungare il mio contratto fino al 2032. C\u2019\u00e8 ancora molto che voglio ottenere in questo sport e credo che questo sia il posto giusto per farlo. Sono molto grato per la fiducia che la squadra ha riposto in me e sono entusiasta di ci\u00f2 che potremo continuare a costruire insieme\u201d. Come detto, stagione 2026 in archivio in anticipo viste le conseguenze della caduta di sabato scorso dove ha rimediato una commozione cerebrale, una frattura scomposta della clavicola sinistra \u2013 per la quale \u00e8 stato operato -, una frattura cervicale C7 stabile e multiple abrasioni. \u201cIn questo momento, la cosa pi\u00f9 importante \u00e8 recuperare nel modo giusto e dare al mio corpo il tempo di cui ha bisogno\u201d, chiosa Pogacar, con la UAE Team Emirates-XRG che gli d\u00e0 appuntamento al 2027. In questa stagione lo sloveno si \u00e8 aggiudicato Giro di Svizzera e Tour oltre a vincere le Strade Bianche, la Milano-Sanremo, il Fiandre e la Liegi.<br \/>\nFonte: IPA<br \/>\nUltima Ora \/ IPA.<\/p>\n","protected":false},"excerpt":{"rendered":"<p>ROMA Ultima Ora \/ IPA \u2013 Tadej Pogacar torner\u00e0 in sella solo il prossimo anno ma sar\u00e0 ancora su una bici della UAE Team Emirates-XRG e cos\u00ec fino al 2032. Una settimana dopo la caduta alla Vuelta di Spagna che lo ha costretto al ritiro mentre era saldamente al comando della classifica generale, il corridore [&hellip;]<\/p>\n","protected":false},"author":1,"featured_media":0,"comment_status":"closed","ping_status":"open","sticky":false,"template":"","format":"standard","meta":{"_jetpack_newsletter_access":"","_jetpack_dont_email_post_to_subs":false,"_jetpack_newsletter_tier_id":0,"_jetpack_memberships_contains_paywalled_content":false,"fifu_image_url":"","fifu_image_alt":"","_jetpack_feature_clip_id":0,"_jetpack_memberships_contains_paid_content":false,"footnotes":"","jetpack_publicize_message":"","jetpack_publicize_feature_enabled":true,"jetpack_social_post_already_shared":true,"jetpack_social_options":{"image_generator_settings":{"template":"highway","default_image_id":0,"font":"","enabled":false},"version":2},"jetpack_post_was_ever_published":false},"categories":[5],"tags":[14],"class_list":["post-2260","post","type-post","status-publish","format-standard","hentry","category-ultime-notizie","tag-ultime"],"jetpack_publicize_connections":[],"jetpack_sharing_enabled":true,"jetpack_likes_enabled":true,"jetpack_featured_media_url":"","_links":{"self":[{"href":"https:\/\/ultima-ora.com\/index.php?rest_route=\/wp\/v2\/posts\/2260","targetHints":{"allow":["GET"]}}],"collection":[{"href":"https:\/\/ultima-ora.com\/index.php?rest_route=\/wp\/v2\/posts"}],"about":[{"href":"https:\/\/ultima-ora.com\/index.php?rest_route=\/wp\/v2\/types\/post"}],"author":[{"embeddable":true,"href":"https:\/\/ultima-ora.com\/index.php?rest_route=\/wp\/v2\/users\/1"}],"replies":[{"embeddable":true,"href":"https:\/\/ultima-ora.com\/index.php?rest_route=%2Fwp%2Fv2%2Fcomments&post=2260"}],"version-history":[{"count":0,"href":"https:\/\/ultima-ora.com\/index.php?rest_route=\/wp\/v2\/posts\/2260\/revisions"}],"wp:attachment":[{"href":"https:\/\/ultima-ora.com\/index.php?rest_route=%2Fwp%2Fv2%2Fmedia&parent=2260"}],"wp:term":[{"taxonomy":"category","embeddable":true,"href":"https:\/\/ultima-ora.com\/index.php?rest_route=%2Fwp%2Fv2%2Fcategories&post=2260"},{"taxonomy":"post_tag","embeddable":true,"href":"https:\/\/ultima-ora.com\/index.php?rest_route=%2Fwp%2Fv2%2Ftags&post=2260"}],"curies":[{"name":"wp","href":"https:\/\/api.w.org\/{rel}","templated":true}]}}