{"id":2266,"date":"2026-09-05T13:11:06","date_gmt":"2026-09-05T13:11:06","guid":{"rendered":"https:\/\/ultima-ora.com\/?p=2266"},"modified":"2026-09-05T13:11:06","modified_gmt":"2026-09-05T13:11:06","slug":"fabrizio-corona-minacciato-e-aggredito-500-euro-o-ti-facciamo-del-male","status":"publish","type":"post","link":"https:\/\/ultima-ora.com\/?p=2266","title":{"rendered":"Fabrizio Corona minacciato e aggredito, &#8220;500 euro o ti facciamo del male&#8221;"},"content":{"rendered":"<p>Ultima Ora &#8211; Fabrizio Corona minacciato e aggredito a Milano.\u00a0 \u201cDacci 500 euro o facciamo del male a te e alla tua famiglia\u201d. Di fronte alla richiesta l&#8217;ex re dei paparazzi ha deciso di presentarsi in Questura a Milano per denunciare due giovani che lo avevano esortato con toni minacciosi a tirare fuori il denaro chiamandolo al telefono via chat.<br \/>\nCorona mostra i messaggi alla polizia\u00a0<br \/>\nI messaggi sono stati mostrati da Corona agli agenti che con due volanti, pronte a intervenire, lo hanno accompagnato in via No\u00e9, zona Citt\u00e0 Studi, dove Corona aveva appuntamento coi ragazzi. La vicenda, accaduta nella notte tra il 3 e il 4 settembre, \u00e8 stata raccontata da \u2018Repubblica\u2019 e \u2018Giorno\u2019, e viene confermata all\u2019Ultima Ora dall\u2019avvocato Ivano Chiesa. \u201cFabrizio mi ha avvertito, non so di pi\u00f9\u201d spiega lo \u2018storico\u2019 legale del conduttore di \u2018Falsissimo\u2019.<br \/>\nI giovani aggressori armati di catene<br \/>\nAlla Range Rover guidata da Corona si sono avvicinati due giovani armati di catene. Uno dei due \u00e8 riuscito a scappare, l\u2019altro, figlio di un giornalista televisivo, \u00e8 stato bloccato dai poliziotti che gli hanno trovato in tasca dello spray al peperoncino.<br \/>\nLa denuncia per tentata estorsione\u00a0<br \/>\nDai documenti \u00e8 emerso che era proprio lui l\u2019autore dei messaggi. Il ragazzo \u00e8 stato denunciato per tentata estorsione e danneggiamento aggravato.\u00a0<br \/>\nIl Garante e l&#8217;audio su Raol Bova\u00a0<br \/>\nIntanto \u00e8 di due giorni fa la notizia che il Garante per la protezione dei dati personali ha dichiarato &#8220;illecita&#8221; la &#8220;diffusione non autorizzata di un file audio e di contenuti estratti da una conversazione privata intercorsa via chat tra Raoul Bova e un\u2019altra persona&#8221;, pubblicati da Fabrizio Corona &#8211; che per questo \u00e8 stato sanzionato in via amministrativa &#8211; su social network e piattaforme digitali.<br \/>\nNel provvedimento adottato a conclusione di una complessa istruttoria, e facendo seguito a precedenti interventi urgenti, l\u2019Autorit\u00e0, si legge in una nota, ha ribadito che &#8220;la notoriet\u00e0 di una persona non legittima la divulgazione di dati personali e informazioni attinenti alla sua sfera privata quando tali contenuti non rivestono un effettivo interesse pubblico&#8221; e che &#8220;la diffusione di stralci di conversazioni intime e affettive eccede infatti il principio di essenzialit\u00e0 dell&#8217;informazione e contrasta con i principi di liceit\u00e0, correttezza e minimizzazione del trattamento dei dati personali stabiliti dalla normativa privacy&#8221;.<br \/>\nIl Garante, inoltre, ha evidenziato come la condotta sia stata posta in essere con &#8220;finalit\u00e0 di spettacolarizzazione e alimentazione del gossip, arrecando un significativo pregiudizio alla reputazione, anche lavorativa, e alla privacy dell\u2019attore&#8221;. \u00a0La diffusione, poi, attraverso piattaforme digitali e social media ha &#8220;ulteriormente aggravato la violazione, amplificandone la portata e gli effetti&#8221;. \u00a0 \u00a0 \u00a0 \u00a0 \u00a0<br \/>\nNonostante la &#8220;gravit\u00e0 della violazione e della natura particolarmente delicata dei dati diffusi&#8221;, il Garante ha irrogato a Corona una sanzione amministrativa di 4.950 euro, &#8220;non risultando redditi fiscalmente dichiarati nell\u2019anno di riferimento&#8221;.\u00a0<\/p>\n","protected":false},"excerpt":{"rendered":"<p>Ultima Ora &#8211; Fabrizio Corona minacciato e aggredito a Milano.\u00a0 \u201cDacci 500 euro o facciamo del male a te e alla tua famiglia\u201d. Di fronte alla richiesta l&#8217;ex re dei paparazzi ha deciso di presentarsi in Questura a Milano per denunciare due giovani che lo avevano esortato con toni minacciosi a tirare fuori il denaro [&hellip;]<\/p>\n","protected":false},"author":2,"featured_media":0,"comment_status":"closed","ping_status":"open","sticky":false,"template":"","format":"standard","meta":{"_jetpack_newsletter_access":"","_jetpack_dont_email_post_to_subs":false,"_jetpack_newsletter_tier_id":0,"_jetpack_memberships_contains_paywalled_content":false,"fifu_image_url":"","fifu_image_alt":"","_jetpack_feature_clip_id":0,"_jetpack_memberships_contains_paid_content":false,"footnotes":"","jetpack_publicize_message":"","jetpack_publicize_feature_enabled":true,"jetpack_social_post_already_shared":true,"jetpack_social_options":{"image_generator_settings":{"template":"highway","default_image_id":0,"font":"","enabled":false},"version":2},"jetpack_post_was_ever_published":false},"categories":[7],"tags":[16],"class_list":["post-2266","post","type-post","status-publish","format-standard","hentry","category-notizie-italia","tag-italia"],"jetpack_publicize_connections":[],"jetpack_sharing_enabled":true,"jetpack_likes_enabled":true,"jetpack_featured_media_url":"","_links":{"self":[{"href":"https:\/\/ultima-ora.com\/index.php?rest_route=\/wp\/v2\/posts\/2266","targetHints":{"allow":["GET"]}}],"collection":[{"href":"https:\/\/ultima-ora.com\/index.php?rest_route=\/wp\/v2\/posts"}],"about":[{"href":"https:\/\/ultima-ora.com\/index.php?rest_route=\/wp\/v2\/types\/post"}],"author":[{"embeddable":true,"href":"https:\/\/ultima-ora.com\/index.php?rest_route=\/wp\/v2\/users\/2"}],"replies":[{"embeddable":true,"href":"https:\/\/ultima-ora.com\/index.php?rest_route=%2Fwp%2Fv2%2Fcomments&post=2266"}],"version-history":[{"count":0,"href":"https:\/\/ultima-ora.com\/index.php?rest_route=\/wp\/v2\/posts\/2266\/revisions"}],"wp:attachment":[{"href":"https:\/\/ultima-ora.com\/index.php?rest_route=%2Fwp%2Fv2%2Fmedia&parent=2266"}],"wp:term":[{"taxonomy":"category","embeddable":true,"href":"https:\/\/ultima-ora.com\/index.php?rest_route=%2Fwp%2Fv2%2Fcategories&post=2266"},{"taxonomy":"post_tag","embeddable":true,"href":"https:\/\/ultima-ora.com\/index.php?rest_route=%2Fwp%2Fv2%2Ftags&post=2266"}],"curies":[{"name":"wp","href":"https:\/\/api.w.org\/{rel}","templated":true}]}}