{"id":2276,"date":"2026-09-05T14:16:07","date_gmt":"2026-09-05T14:16:07","guid":{"rendered":"https:\/\/ultima-ora.com\/?p=2276"},"modified":"2026-09-05T14:16:07","modified_gmt":"2026-09-05T14:16:07","slug":"mina-parzialmente-in-gruppo","status":"publish","type":"post","link":"https:\/\/ultima-ora.com\/?p=2276","title":{"rendered":"MINA PARZIALMENTE IN GRUPPO"},"content":{"rendered":"<p>A due giorni dalla sfida casalinga della Unipol Domus contro il Lecce, in calendario luned\u00ec alle 18.30, la compagine rossobl\u00f9 ha sostenuto una seduta di allenamento mattutina. Dopo l&#8217;iniziale fase di attivazione, il gruppo ha svolto delle esercitazioni tecnico-tattiche seguite da giochi di posizione. Arrivano buone notizie da Yerry Mina, che ha lavorato parzialmente in gruppo.<br \/>\nDomenica sar\u00e0 gi\u00e0 la giornata di vigila dell&#8217;impegno contro i salentini: rifinitura al mattino, mentre alle 12.30 andr\u00e0 in scena la conferenza stampa di Fabio Pisacane.<br \/>\n Ultima Ora Calcio<\/p>\n","protected":false},"excerpt":{"rendered":"<p>A due giorni dalla sfida casalinga della Unipol Domus contro il Lecce, in calendario luned\u00ec alle 18.30, la compagine rossobl\u00f9 ha sostenuto una seduta di allenamento mattutina. Dopo l&#8217;iniziale fase di attivazione, il gruppo ha svolto delle esercitazioni tecnico-tattiche seguite da giochi di posizione. Arrivano buone notizie da Yerry Mina, che ha lavorato parzialmente in [&hellip;]<\/p>\n","protected":false},"author":2,"featured_media":0,"comment_status":"closed","ping_status":"open","sticky":false,"template":"","format":"standard","meta":{"_jetpack_newsletter_access":"","_jetpack_dont_email_post_to_subs":false,"_jetpack_newsletter_tier_id":0,"_jetpack_memberships_contains_paywalled_content":false,"fifu_image_url":"","fifu_image_alt":"","_jetpack_feature_clip_id":0,"_jetpack_memberships_contains_paid_content":false,"footnotes":"","jetpack_publicize_message":"","jetpack_publicize_feature_enabled":true,"jetpack_social_post_already_shared":true,"jetpack_social_options":{"image_generator_settings":{"template":"highway","default_image_id":0,"font":"","enabled":false},"version":2},"jetpack_post_was_ever_published":false},"categories":[8],"tags":[9],"class_list":["post-2276","post","type-post","status-publish","format-standard","hentry","category-notizie-di-calcio","tag-calcio"],"jetpack_publicize_connections":[],"jetpack_sharing_enabled":true,"jetpack_likes_enabled":true,"jetpack_featured_media_url":"","_links":{"self":[{"href":"https:\/\/ultima-ora.com\/index.php?rest_route=\/wp\/v2\/posts\/2276","targetHints":{"allow":["GET"]}}],"collection":[{"href":"https:\/\/ultima-ora.com\/index.php?rest_route=\/wp\/v2\/posts"}],"about":[{"href":"https:\/\/ultima-ora.com\/index.php?rest_route=\/wp\/v2\/types\/post"}],"author":[{"embeddable":true,"href":"https:\/\/ultima-ora.com\/index.php?rest_route=\/wp\/v2\/users\/2"}],"replies":[{"embeddable":true,"href":"https:\/\/ultima-ora.com\/index.php?rest_route=%2Fwp%2Fv2%2Fcomments&post=2276"}],"version-history":[{"count":0,"href":"https:\/\/ultima-ora.com\/index.php?rest_route=\/wp\/v2\/posts\/2276\/revisions"}],"wp:attachment":[{"href":"https:\/\/ultima-ora.com\/index.php?rest_route=%2Fwp%2Fv2%2Fmedia&parent=2276"}],"wp:term":[{"taxonomy":"category","embeddable":true,"href":"https:\/\/ultima-ora.com\/index.php?rest_route=%2Fwp%2Fv2%2Fcategories&post=2276"},{"taxonomy":"post_tag","embeddable":true,"href":"https:\/\/ultima-ora.com\/index.php?rest_route=%2Fwp%2Fv2%2Ftags&post=2276"}],"curies":[{"name":"wp","href":"https:\/\/api.w.org\/{rel}","templated":true}]}}