{"id":2279,"date":"2026-09-05T15:01:05","date_gmt":"2026-09-05T15:01:05","guid":{"rendered":"https:\/\/ultima-ora.com\/?p=2279"},"modified":"2026-09-05T15:01:05","modified_gmt":"2026-09-05T15:01:05","slug":"appello-papa-lorena-politica-sia-unita","status":"publish","type":"post","link":"https:\/\/ultima-ora.com\/?p=2279","title":{"rendered":"Appello pap\u00e0 Lorena: politica sia unita"},"content":{"rendered":"<p>16.33<br \/>\n&#8220;Chiedo a tutta la politica di essere unita. Prendete provvedimenti all&#8217;unanimit\u00e0, affinch\u00e9 tragedie come quella di Lorena non accadano pi\u00f9&#8221;. E l&#8217;appello diffuso tra le lacrime da Franco Isceri, il padre della donna lanciata dall&#8217;ex da un cavalcavia sull&#8217;A1.<br \/>\n&#8220;Lavorate nelle scuole, potenziate i centri antiviolenza e gli strumenti normativi affinch\u00e9 non succeda pi\u00f9&#8221;, afferma in un video sui social rivolgendosi al presidente della Repubblica, alla premier e &#8220;ai politici tutti&#8221;.<br \/>\n&#8220;Lorena aveva tanti sogni e progetti&#8221;.<\/p>\n","protected":false},"excerpt":{"rendered":"<p>16.33 &#8220;Chiedo a tutta la politica di essere unita. Prendete provvedimenti all&#8217;unanimit\u00e0, affinch\u00e9 tragedie come quella di Lorena non accadano pi\u00f9&#8221;. E l&#8217;appello diffuso tra le lacrime da Franco Isceri, il padre della donna lanciata dall&#8217;ex da un cavalcavia sull&#8217;A1. &#8220;Lavorate nelle scuole, potenziate i centri antiviolenza e gli strumenti normativi affinch\u00e9 non succeda pi\u00f9&#8221;, [&hellip;]<\/p>\n","protected":false},"author":2,"featured_media":0,"comment_status":"closed","ping_status":"open","sticky":false,"template":"","format":"standard","meta":{"_jetpack_newsletter_access":"","_jetpack_dont_email_post_to_subs":false,"_jetpack_newsletter_tier_id":0,"_jetpack_memberships_contains_paywalled_content":false,"fifu_image_url":"","fifu_image_alt":"","_jetpack_feature_clip_id":0,"_jetpack_memberships_contains_paid_content":false,"footnotes":"","jetpack_publicize_message":"","jetpack_publicize_feature_enabled":true,"jetpack_social_post_already_shared":true,"jetpack_social_options":{"image_generator_settings":{"template":"highway","default_image_id":0,"font":"","enabled":false},"version":2},"jetpack_post_was_ever_published":false},"categories":[4],"tags":[12],"class_list":["post-2279","post","type-post","status-publish","format-standard","hentry","category-ultima-ora","tag-ultima-ora"],"jetpack_publicize_connections":[],"jetpack_sharing_enabled":true,"jetpack_likes_enabled":true,"jetpack_featured_media_url":"","_links":{"self":[{"href":"https:\/\/ultima-ora.com\/index.php?rest_route=\/wp\/v2\/posts\/2279","targetHints":{"allow":["GET"]}}],"collection":[{"href":"https:\/\/ultima-ora.com\/index.php?rest_route=\/wp\/v2\/posts"}],"about":[{"href":"https:\/\/ultima-ora.com\/index.php?rest_route=\/wp\/v2\/types\/post"}],"author":[{"embeddable":true,"href":"https:\/\/ultima-ora.com\/index.php?rest_route=\/wp\/v2\/users\/2"}],"replies":[{"embeddable":true,"href":"https:\/\/ultima-ora.com\/index.php?rest_route=%2Fwp%2Fv2%2Fcomments&post=2279"}],"version-history":[{"count":0,"href":"https:\/\/ultima-ora.com\/index.php?rest_route=\/wp\/v2\/posts\/2279\/revisions"}],"wp:attachment":[{"href":"https:\/\/ultima-ora.com\/index.php?rest_route=%2Fwp%2Fv2%2Fmedia&parent=2279"}],"wp:term":[{"taxonomy":"category","embeddable":true,"href":"https:\/\/ultima-ora.com\/index.php?rest_route=%2Fwp%2Fv2%2Fcategories&post=2279"},{"taxonomy":"post_tag","embeddable":true,"href":"https:\/\/ultima-ora.com\/index.php?rest_route=%2Fwp%2Fv2%2Ftags&post=2279"}],"curies":[{"name":"wp","href":"https:\/\/api.w.org\/{rel}","templated":true}]}}