{"id":2280,"date":"2026-09-05T15:11:05","date_gmt":"2026-09-05T15:11:05","guid":{"rendered":"https:\/\/ultima-ora.com\/?p=2280"},"modified":"2026-09-05T15:11:05","modified_gmt":"2026-09-05T15:11:05","slug":"gettata-giu-dal-viadotto-dallex-lappello-del-papa-di-lorena-la-politica-lavori-unita","status":"publish","type":"post","link":"https:\/\/ultima-ora.com\/?p=2280","title":{"rendered":"Gettata gi\u00f9 dal viadotto dall&#8217;ex, l&#8217;appello del pap\u00e0 di Lorena: &#8220;La politica lavori unita &#8230;"},"content":{"rendered":"<p>Ultima Ora &#8211; Un appello alle istituzioni \u00e8 quello che Franco Isceri, pap\u00e0 di Lorena, ha lanciato dopo che la figlia \u00e8 stata l&#8217;ennesima vittima di femminicidio.<br \/>\n&#8220;Chiedo a tutta la politica di essere unita: prendete provvedimenti all&#8217;unanimit\u00e0, senza destra n\u00e9 sinistra, affinch\u00e9 tragedie come quella di Lorena non accadano pi\u00f9. Lavorate nelle scuole, potenziate i centri antiviolenza e gli strumenti normativi, per prendere provvedimenti affinch\u00e9 non succeda pi\u00f9. Ve lo chiedo con tutto il cuore. Un abbraccio a tutte le donne italiane&#8221; ha detto Isceri, padre della 45enne &#8211; originaria della provincia di Lecce &#8211; uccisa dall&#8217;ex compagno a Barberino di Mugello (Firenze) il 3 settembre scorso.<br \/>\nIl video rivolto a Mattarella e a Meloni<br \/>\nIn un video diffuso sui social, l&#8217;uomo si rivolge al Presidente della Repubblica, alla presidente del Consiglio e &#8220;ai politici tutti&#8221;. &#8220;Sono un padre distrutto &#8211; ha proseguito &#8211; Lorena era una brava ragazza. Straordinaria, educata, studiosa, dedita allo studio e al lavoro. Aveva tanti sogni e progetti, e ora non li ha pi\u00f9. E con lei, in fondo a quel cavalcavia, \u00e8 sepolta la voglia di vivere di una famiglia distrutta&#8221;.<\/p>\n<p>La ricostruzione del femminicidio<br \/>\nA uccidere la donna il 36enne Federico Vella. L&#8217;uomo, secondo quanto ricostruito finora, avrebbe sequestrato l&#8217;ex compagna aggredendola nel garage di cui la donna aveva la disponibilit\u00e0, nel quartiere fiorentino di Rifredi. Non \u00e8 ancora chiaro se abbia usato delle fascette per legarla e rinchiuderla nel bagagliaio da dove Lorena sarebbe riuscita comunque a chiamare il 112 per chiedere aiuto. Da l\u00ec \u00e8 stata poi prelevata dall&#8217;ex prima di essere scaraventata dal viadotto Lora, nel tratto della &#8216;panoramica&#8217; dell&#8217;A1 in direzione Bologna. L&#8217;uomo \u00e8 morto gettandosi dallo stesso cavalcavia.\u00a0<br \/>\n\u00a0<\/p>\n","protected":false},"excerpt":{"rendered":"<p>Ultima Ora &#8211; Un appello alle istituzioni \u00e8 quello che Franco Isceri, pap\u00e0 di Lorena, ha lanciato dopo che la figlia \u00e8 stata l&#8217;ennesima vittima di femminicidio. &#8220;Chiedo a tutta la politica di essere unita: prendete provvedimenti all&#8217;unanimit\u00e0, senza destra n\u00e9 sinistra, affinch\u00e9 tragedie come quella di Lorena non accadano pi\u00f9. Lavorate nelle scuole, potenziate [&hellip;]<\/p>\n","protected":false},"author":2,"featured_media":0,"comment_status":"closed","ping_status":"open","sticky":false,"template":"","format":"standard","meta":{"_jetpack_newsletter_access":"","_jetpack_dont_email_post_to_subs":false,"_jetpack_newsletter_tier_id":0,"_jetpack_memberships_contains_paywalled_content":false,"fifu_image_url":"","fifu_image_alt":"","_jetpack_feature_clip_id":0,"_jetpack_memberships_contains_paid_content":false,"footnotes":"","jetpack_publicize_message":"","jetpack_publicize_feature_enabled":true,"jetpack_social_post_already_shared":true,"jetpack_social_options":{"image_generator_settings":{"template":"highway","default_image_id":0,"font":"","enabled":false},"version":2},"jetpack_post_was_ever_published":false},"categories":[7],"tags":[16],"class_list":["post-2280","post","type-post","status-publish","format-standard","hentry","category-notizie-italia","tag-italia"],"jetpack_publicize_connections":[],"jetpack_sharing_enabled":true,"jetpack_likes_enabled":true,"jetpack_featured_media_url":"","_links":{"self":[{"href":"https:\/\/ultima-ora.com\/index.php?rest_route=\/wp\/v2\/posts\/2280","targetHints":{"allow":["GET"]}}],"collection":[{"href":"https:\/\/ultima-ora.com\/index.php?rest_route=\/wp\/v2\/posts"}],"about":[{"href":"https:\/\/ultima-ora.com\/index.php?rest_route=\/wp\/v2\/types\/post"}],"author":[{"embeddable":true,"href":"https:\/\/ultima-ora.com\/index.php?rest_route=\/wp\/v2\/users\/2"}],"replies":[{"embeddable":true,"href":"https:\/\/ultima-ora.com\/index.php?rest_route=%2Fwp%2Fv2%2Fcomments&post=2280"}],"version-history":[{"count":0,"href":"https:\/\/ultima-ora.com\/index.php?rest_route=\/wp\/v2\/posts\/2280\/revisions"}],"wp:attachment":[{"href":"https:\/\/ultima-ora.com\/index.php?rest_route=%2Fwp%2Fv2%2Fmedia&parent=2280"}],"wp:term":[{"taxonomy":"category","embeddable":true,"href":"https:\/\/ultima-ora.com\/index.php?rest_route=%2Fwp%2Fv2%2Fcategories&post=2280"},{"taxonomy":"post_tag","embeddable":true,"href":"https:\/\/ultima-ora.com\/index.php?rest_route=%2Fwp%2Fv2%2Ftags&post=2280"}],"curies":[{"name":"wp","href":"https:\/\/api.w.org\/{rel}","templated":true}]}}