{"id":2286,"date":"2026-09-05T16:06:05","date_gmt":"2026-09-05T16:06:05","guid":{"rendered":"https:\/\/ultima-ora.com\/?p=2286"},"modified":"2026-09-05T16:06:05","modified_gmt":"2026-09-05T16:06:05","slug":"lestate-del-2026-entra-nella-storia-climatica-del-veneto-venturini-qui-peggio-che-nel-2003","status":"publish","type":"post","link":"https:\/\/ultima-ora.com\/?p=2286","title":{"rendered":"L\u2019estate del 2026 entra nella storia climatica del Veneto, Venturini: \u201cQui peggio che nel 2003\u201d"},"content":{"rendered":"<p>VENEZIA Ultima Ora \/ IPA \u2013 L\u2019estate 2026 entra nella storia climatica del Veneto. Il trimestre giugno-luglio-agosto \u00e8 stato caratterizzato da temperature eccezionalmente elevate, tre grandi ondate di calore, lunghissimi periodi di disagio da caldo e umidit\u00e0 e precipitazioni complessivamente inferiori alla norma. Le prime analisi sull\u2019intera stagione indicano che la temperatura media dell\u2019estate 2026 potrebbe aver superato, seppure di poco, persino quella dell\u2019estate 2003, rimasta per oltre vent\u2019anni il principale termine di paragone per il caldo eccezionale nella regione.<br \/>\n \u201cQuella che abbiamo appena vissuto \u00e8 stata un\u2019estate eccezionale. Il dato che pi\u00f9 colpisce non \u00e8 il singolo record, ma la continuit\u00e0 del caldo per tutti e tre i mesi estivi. Il confronto con il 2003 ci d\u00e0 immediatamente la dimensione di quello che \u00e8 accaduto: un\u2019estate che per oltre vent\u2019anni abbiamo considerato fuori scala oggi rischia di essere stata superata\u201d, dichiara Elisa Venturini, assessore regionale all\u2019Ambiente.<br \/>\nA rendere straordinaria la stagione \u00e8 stata il succedersi delle anomalie. Giugno ha aperto l\u2019estate con temperature medie regionali di 3,1 gradi superiori alla norma 1991-2020, risultando il quarto giugno pi\u00f9 caldo dal 1991. L\u2019ultima decade \u00e8 stata particolarmente eccezionale, con temperature massime superiori di 6,7 \u00b0C alla norma. Le precipitazioni sono risultate invece inferiori del 15% alla media regionale e in pianura il deficit ha raggiunto il 34%.<br \/>\nIl caldo non ha mollato la presa neppure a luglio, risultato il quarto pi\u00f9 caldo della serie storica, con una temperatura media superiore di 2,1 gradi alla norma. In pianura si sono registrate mediamente 15 notti tropicali e ben 24 giornate con temperature massime superiori ai 30 gradi.<br \/>\nAnche le precipitazioni sono rimaste sotto la media, con un deficit regionale del 9%. Infine agosto, secondo pi\u00f9 caldo mai registrato in Veneto e vicinissimo al primato dell\u2019agosto 2003.<br \/>\n-Foto Regione Veneto-<br \/>\nUltima Ora \/ IPA.<\/p>\n","protected":false},"excerpt":{"rendered":"<p>VENEZIA Ultima Ora \/ IPA \u2013 L\u2019estate 2026 entra nella storia climatica del Veneto. Il trimestre giugno-luglio-agosto \u00e8 stato caratterizzato da temperature eccezionalmente elevate, tre grandi ondate di calore, lunghissimi periodi di disagio da caldo e umidit\u00e0 e precipitazioni complessivamente inferiori alla norma. Le prime analisi sull\u2019intera stagione indicano che la temperatura media dell\u2019estate 2026 [&hellip;]<\/p>\n","protected":false},"author":1,"featured_media":0,"comment_status":"closed","ping_status":"open","sticky":false,"template":"","format":"standard","meta":{"_jetpack_newsletter_access":"","_jetpack_dont_email_post_to_subs":false,"_jetpack_newsletter_tier_id":0,"_jetpack_memberships_contains_paywalled_content":false,"fifu_image_url":"","fifu_image_alt":"","_jetpack_feature_clip_id":0,"_jetpack_memberships_contains_paid_content":false,"footnotes":"","jetpack_publicize_message":"","jetpack_publicize_feature_enabled":true,"jetpack_social_post_already_shared":true,"jetpack_social_options":{"image_generator_settings":{"template":"highway","default_image_id":0,"font":"","enabled":false},"version":2},"jetpack_post_was_ever_published":false},"categories":[5],"tags":[14],"class_list":["post-2286","post","type-post","status-publish","format-standard","hentry","category-ultime-notizie","tag-ultime"],"jetpack_publicize_connections":[],"jetpack_sharing_enabled":true,"jetpack_likes_enabled":true,"jetpack_featured_media_url":"","_links":{"self":[{"href":"https:\/\/ultima-ora.com\/index.php?rest_route=\/wp\/v2\/posts\/2286","targetHints":{"allow":["GET"]}}],"collection":[{"href":"https:\/\/ultima-ora.com\/index.php?rest_route=\/wp\/v2\/posts"}],"about":[{"href":"https:\/\/ultima-ora.com\/index.php?rest_route=\/wp\/v2\/types\/post"}],"author":[{"embeddable":true,"href":"https:\/\/ultima-ora.com\/index.php?rest_route=\/wp\/v2\/users\/1"}],"replies":[{"embeddable":true,"href":"https:\/\/ultima-ora.com\/index.php?rest_route=%2Fwp%2Fv2%2Fcomments&post=2286"}],"version-history":[{"count":0,"href":"https:\/\/ultima-ora.com\/index.php?rest_route=\/wp\/v2\/posts\/2286\/revisions"}],"wp:attachment":[{"href":"https:\/\/ultima-ora.com\/index.php?rest_route=%2Fwp%2Fv2%2Fmedia&parent=2286"}],"wp:term":[{"taxonomy":"category","embeddable":true,"href":"https:\/\/ultima-ora.com\/index.php?rest_route=%2Fwp%2Fv2%2Fcategories&post=2286"},{"taxonomy":"post_tag","embeddable":true,"href":"https:\/\/ultima-ora.com\/index.php?rest_route=%2Fwp%2Fv2%2Ftags&post=2286"}],"curies":[{"name":"wp","href":"https:\/\/api.w.org\/{rel}","templated":true}]}}