{"id":2303,"date":"2026-09-05T18:11:05","date_gmt":"2026-09-05T18:11:05","guid":{"rendered":"https:\/\/ultima-ora.com\/?p=2303"},"modified":"2026-09-05T18:11:05","modified_gmt":"2026-09-05T18:11:05","slug":"unirai-attacca-giulia-innocenzi-non-e-giornalista-ranucci-controlli-meglio-i-curricula","status":"publish","type":"post","link":"https:\/\/ultima-ora.com\/?p=2303","title":{"rendered":"Unirai attacca Giulia Innocenzi: &#8220;Non \u00e8 giornalista, Ranucci controlli meglio i curricula&#8221;"},"content":{"rendered":"<p>Ultima Ora &#8211; Dopo le accuse dei giorni scorsi di Sigfrido Ranucci ai nuovi conduttori designati dalla Rai per la prossima stagione di &#8216;Report&#8217;, interviene il sindacato Unirai. &#8220;Unirai-Figec in merito alla richiesta del collega Sigfrido Ranucci di intervenire sulle notizie riportate dal quotidiano &#8216;Il Domani&#8217;, relative a un reportage della collega Giulia Presutti, ribadisce che il sindacato \u00e8 intervenuto per stigmatizzare le parole offensive rivolte da Ranucci, che &#8211; lo ricordiamo &#8211; \u00e8 vicedirettore e quindi un dirigente, alla collega, sua collaboratrice e, quindi, soggetto debole&#8221;.<br \/>\n&#8220;Unirai difende la categoria &#8211; prosegue la nota &#8211; . Ricordiamo, infatti, al collega vicedirettore Ranucci che \u00e8 stato lui a scegliere la collega Presutti &#8211; autrice per l&#8217;Associazione di Beppe Giulietti, Articolo 21, e non iscritta a Unirai-Figec &#8211; come firma della grande squadra di &#8216;Report&#8217;. Ma da quando Presutti \u00e8 stata designata alla conduzione di Report, da un momento all&#8217;altro, Ranucci, improvvisamente, non la ritiene pi\u00f9 idonea. Forse il collega Ranucci avrebbe dovuto valutare meglio il lavoro della collega, ben prima di farla entrare nella sua squadra&#8221;.<br \/>\nUnirai: Giulia Innocenzi non \u00e8 una giornalista<br \/>\nIl nuovo sindacato della Rai critica poi Ranucci per aver scelto Giulia Innocenzi come inviata\u00a0di &#8216;Report&#8217; pur non essendo una giornalista. Unirai invita Ranucci &#8220;a controllare i curricula di tutti i suoi collaboratori, che ha scelto personalmente per &#8216;Report'&#8221;.\u00a0&#8220;Non risulta, infatti &#8211; prosegue la sigla sindacale &#8211; che Giulia Innocenzi sia iscritta all&#8217;albo dei giornalisti nell&#8217;elenco dei professionisti, n\u00e9 in quello dei pubblicisti. Essere giornalista professionista \u00e8 per esempio condizione indispensabile per partecipare ai concorsi Rai e per essere assunti. Come mai Ranucci ha affidato a una collega non professionista importanti inchieste? Come mai l&#8217;ha qualificata come giornalista sui siti e social Rai della sua trasmissione, quando non \u00e8 iscritta all&#8217;Albo? Come mai Ranucci ha consentito che Giulia Innocenzi firmasse inchieste senza averne idoneit\u00e0 professionale e quindi responsabilit\u00e0 deontologiche? L&#8217;Ordine dei giornalisti non ritiene che sia questo un esercizio abusivo della professione?&#8221; conclude la nota.\u00a0<br \/>\nInnocenzi; noi inviati ci dimetteremo in blocco<br \/>\nIn questi giorni Giulia Innocenzi si era distinta contro\u00a0la sostituzione di Ranucci alla guida di &#8216;Report&#8217;. &#8220;Se vengono nominati questi due conduttori &#8211; aveva detto ai giornalisti parlando di Presutti e Piervincenzi &#8211; cio\u00e8 se la Rai continua per la sua strada noi inviati, e siamo tanti, ci dimetteremo in blocco perch\u00e9 noi dobbiamo garantire l&#8217;indipendenza e l&#8217;autonomia della trasmissione che \u00e8 fondamentale per portare avanti le nostre inchieste&#8221;.<br \/>\n\u00a0<\/p>\n","protected":false},"excerpt":{"rendered":"<p>Ultima Ora &#8211; Dopo le accuse dei giorni scorsi di Sigfrido Ranucci ai nuovi conduttori designati dalla Rai per la prossima stagione di &#8216;Report&#8217;, interviene il sindacato Unirai. &#8220;Unirai-Figec in merito alla richiesta del collega Sigfrido Ranucci di intervenire sulle notizie riportate dal quotidiano &#8216;Il Domani&#8217;, relative a un reportage della collega Giulia Presutti, ribadisce [&hellip;]<\/p>\n","protected":false},"author":2,"featured_media":0,"comment_status":"closed","ping_status":"open","sticky":false,"template":"","format":"standard","meta":{"_jetpack_newsletter_access":"","_jetpack_dont_email_post_to_subs":false,"_jetpack_newsletter_tier_id":0,"_jetpack_memberships_contains_paywalled_content":false,"fifu_image_url":"","fifu_image_alt":"","_jetpack_feature_clip_id":0,"_jetpack_memberships_contains_paid_content":false,"footnotes":"","jetpack_publicize_message":"","jetpack_publicize_feature_enabled":true,"jetpack_social_post_already_shared":true,"jetpack_social_options":{"image_generator_settings":{"template":"highway","default_image_id":0,"font":"","enabled":false},"version":2},"jetpack_post_was_ever_published":false},"categories":[7],"tags":[16],"class_list":["post-2303","post","type-post","status-publish","format-standard","hentry","category-notizie-italia","tag-italia"],"jetpack_publicize_connections":[],"jetpack_sharing_enabled":true,"jetpack_likes_enabled":true,"jetpack_featured_media_url":"","_links":{"self":[{"href":"https:\/\/ultima-ora.com\/index.php?rest_route=\/wp\/v2\/posts\/2303","targetHints":{"allow":["GET"]}}],"collection":[{"href":"https:\/\/ultima-ora.com\/index.php?rest_route=\/wp\/v2\/posts"}],"about":[{"href":"https:\/\/ultima-ora.com\/index.php?rest_route=\/wp\/v2\/types\/post"}],"author":[{"embeddable":true,"href":"https:\/\/ultima-ora.com\/index.php?rest_route=\/wp\/v2\/users\/2"}],"replies":[{"embeddable":true,"href":"https:\/\/ultima-ora.com\/index.php?rest_route=%2Fwp%2Fv2%2Fcomments&post=2303"}],"version-history":[{"count":0,"href":"https:\/\/ultima-ora.com\/index.php?rest_route=\/wp\/v2\/posts\/2303\/revisions"}],"wp:attachment":[{"href":"https:\/\/ultima-ora.com\/index.php?rest_route=%2Fwp%2Fv2%2Fmedia&parent=2303"}],"wp:term":[{"taxonomy":"category","embeddable":true,"href":"https:\/\/ultima-ora.com\/index.php?rest_route=%2Fwp%2Fv2%2Fcategories&post=2303"},{"taxonomy":"post_tag","embeddable":true,"href":"https:\/\/ultima-ora.com\/index.php?rest_route=%2Fwp%2Fv2%2Ftags&post=2303"}],"curies":[{"name":"wp","href":"https:\/\/api.w.org\/{rel}","templated":true}]}}