{"id":2306,"date":"2026-09-05T18:16:06","date_gmt":"2026-09-05T18:16:06","guid":{"rendered":"https:\/\/ultima-ora.com\/?p=2306"},"modified":"2026-09-05T18:16:06","modified_gmt":"2026-09-05T18:16:06","slug":"abate-messa-grande-personalita","status":"publish","type":"post","link":"https:\/\/ultima-ora.com\/?p=2306","title":{"rendered":"ABATE: &#8220;MESSA GRANDE PERSONALITA'&#8221;"},"content":{"rendered":"<p>&#8220;Sono felice per la prima vittoria, ma ancora di pi\u00f9 per i ragazzi, perch\u00e9 lo meritano per come lavorano. Sono ancora pi\u00f9 contento per come \u00e8 arrivata, mettendo grande personalit\u00e0. Abbiamo dimostrato di credere in quello che facciamo e questo \u00e8 l&#8217;aspetto pi\u00f9 importante dopo i tre punti. Coco? Solo una contusione, spero niente di grave&#8221;. A dirlo \u00e8 Ignazio Abate dopo il successo contro la Fiorentina.<br \/>\n&#8220;La squadra \u00e8 rimasta sempre in partita e poi \u00e8 stata brava a ribaltarla. Ringrazio Firenze per l&#8217;abbraccio&#8221;, afferma l&#8217;ex di turno Pietro Comuzzo.<br \/>\n Ultima Ora Calcio<\/p>\n","protected":false},"excerpt":{"rendered":"<p>&#8220;Sono felice per la prima vittoria, ma ancora di pi\u00f9 per i ragazzi, perch\u00e9 lo meritano per come lavorano. Sono ancora pi\u00f9 contento per come \u00e8 arrivata, mettendo grande personalit\u00e0. Abbiamo dimostrato di credere in quello che facciamo e questo \u00e8 l&#8217;aspetto pi\u00f9 importante dopo i tre punti. Coco? Solo una contusione, spero niente di [&hellip;]<\/p>\n","protected":false},"author":2,"featured_media":0,"comment_status":"closed","ping_status":"open","sticky":false,"template":"","format":"standard","meta":{"_jetpack_newsletter_access":"","_jetpack_dont_email_post_to_subs":false,"_jetpack_newsletter_tier_id":0,"_jetpack_memberships_contains_paywalled_content":false,"fifu_image_url":"","fifu_image_alt":"","_jetpack_feature_clip_id":0,"_jetpack_memberships_contains_paid_content":false,"footnotes":"","jetpack_publicize_message":"","jetpack_publicize_feature_enabled":true,"jetpack_social_post_already_shared":true,"jetpack_social_options":{"image_generator_settings":{"template":"highway","default_image_id":0,"font":"","enabled":false},"version":2},"jetpack_post_was_ever_published":false},"categories":[8],"tags":[9],"class_list":["post-2306","post","type-post","status-publish","format-standard","hentry","category-notizie-di-calcio","tag-calcio"],"jetpack_publicize_connections":[],"jetpack_sharing_enabled":true,"jetpack_likes_enabled":true,"jetpack_featured_media_url":"","_links":{"self":[{"href":"https:\/\/ultima-ora.com\/index.php?rest_route=\/wp\/v2\/posts\/2306","targetHints":{"allow":["GET"]}}],"collection":[{"href":"https:\/\/ultima-ora.com\/index.php?rest_route=\/wp\/v2\/posts"}],"about":[{"href":"https:\/\/ultima-ora.com\/index.php?rest_route=\/wp\/v2\/types\/post"}],"author":[{"embeddable":true,"href":"https:\/\/ultima-ora.com\/index.php?rest_route=\/wp\/v2\/users\/2"}],"replies":[{"embeddable":true,"href":"https:\/\/ultima-ora.com\/index.php?rest_route=%2Fwp%2Fv2%2Fcomments&post=2306"}],"version-history":[{"count":0,"href":"https:\/\/ultima-ora.com\/index.php?rest_route=\/wp\/v2\/posts\/2306\/revisions"}],"wp:attachment":[{"href":"https:\/\/ultima-ora.com\/index.php?rest_route=%2Fwp%2Fv2%2Fmedia&parent=2306"}],"wp:term":[{"taxonomy":"category","embeddable":true,"href":"https:\/\/ultima-ora.com\/index.php?rest_route=%2Fwp%2Fv2%2Fcategories&post=2306"},{"taxonomy":"post_tag","embeddable":true,"href":"https:\/\/ultima-ora.com\/index.php?rest_route=%2Fwp%2Fv2%2Ftags&post=2306"}],"curies":[{"name":"wp","href":"https:\/\/api.w.org\/{rel}","templated":true}]}}