{"id":2315,"date":"2026-09-05T21:16:06","date_gmt":"2026-09-05T21:16:06","guid":{"rendered":"https:\/\/ultima-ora.com\/?p=2315"},"modified":"2026-09-05T21:16:06","modified_gmt":"2026-09-05T21:16:06","slug":"chivu-mi-e-piaciuta-la-reazione","status":"publish","type":"post","link":"https:\/\/ultima-ora.com\/?p=2315","title":{"rendered":"CHIVU: &#8220;MI E&#8217; PIACIUTA LA REAZIONE&#8221;"},"content":{"rendered":"<p>&#8220;E&#8217; stata una partita bella da vedere, divertente, una bella pubblicit\u00e0 per il calcio italiano. Alla fine gioiamo noi perch\u00e9 siamo stati in grado di fare il 3-2, ma bisogna fare i complimenti anche agli avversari che sono una squadra forte. Mi \u00e8 piaciuta la reazione, questro gruppo non si \u00e8 disunito&#8221;. Lo dichiara Cristian Chivu dopo il successo per 3-2 sul Napoli.<br \/>\n&#8220;Stavamo perdendo, ma siamo riusciti a rimontare.E&#8217; quello che ci mancava nella scorsa stagione, ogni anno cerchiamo di alzare sempre il livello&#8221;, dice Lautaro Martinez, autore di una doppietta<br \/>\n Ultima Ora Calcio<\/p>\n","protected":false},"excerpt":{"rendered":"<p>&#8220;E&#8217; stata una partita bella da vedere, divertente, una bella pubblicit\u00e0 per il calcio italiano. Alla fine gioiamo noi perch\u00e9 siamo stati in grado di fare il 3-2, ma bisogna fare i complimenti anche agli avversari che sono una squadra forte. Mi \u00e8 piaciuta la reazione, questro gruppo non si \u00e8 disunito&#8221;. Lo dichiara Cristian [&hellip;]<\/p>\n","protected":false},"author":2,"featured_media":0,"comment_status":"closed","ping_status":"open","sticky":false,"template":"","format":"standard","meta":{"_jetpack_newsletter_access":"","_jetpack_dont_email_post_to_subs":false,"_jetpack_newsletter_tier_id":0,"_jetpack_memberships_contains_paywalled_content":false,"fifu_image_url":"","fifu_image_alt":"","_jetpack_feature_clip_id":0,"_jetpack_memberships_contains_paid_content":false,"footnotes":"","jetpack_publicize_message":"","jetpack_publicize_feature_enabled":true,"jetpack_social_post_already_shared":true,"jetpack_social_options":{"image_generator_settings":{"template":"highway","default_image_id":0,"font":"","enabled":false},"version":2},"jetpack_post_was_ever_published":false},"categories":[8],"tags":[9],"class_list":["post-2315","post","type-post","status-publish","format-standard","hentry","category-notizie-di-calcio","tag-calcio"],"jetpack_publicize_connections":[],"jetpack_sharing_enabled":true,"jetpack_likes_enabled":true,"jetpack_featured_media_url":"","_links":{"self":[{"href":"https:\/\/ultima-ora.com\/index.php?rest_route=\/wp\/v2\/posts\/2315","targetHints":{"allow":["GET"]}}],"collection":[{"href":"https:\/\/ultima-ora.com\/index.php?rest_route=\/wp\/v2\/posts"}],"about":[{"href":"https:\/\/ultima-ora.com\/index.php?rest_route=\/wp\/v2\/types\/post"}],"author":[{"embeddable":true,"href":"https:\/\/ultima-ora.com\/index.php?rest_route=\/wp\/v2\/users\/2"}],"replies":[{"embeddable":true,"href":"https:\/\/ultima-ora.com\/index.php?rest_route=%2Fwp%2Fv2%2Fcomments&post=2315"}],"version-history":[{"count":0,"href":"https:\/\/ultima-ora.com\/index.php?rest_route=\/wp\/v2\/posts\/2315\/revisions"}],"wp:attachment":[{"href":"https:\/\/ultima-ora.com\/index.php?rest_route=%2Fwp%2Fv2%2Fmedia&parent=2315"}],"wp:term":[{"taxonomy":"category","embeddable":true,"href":"https:\/\/ultima-ora.com\/index.php?rest_route=%2Fwp%2Fv2%2Fcategories&post=2315"},{"taxonomy":"post_tag","embeddable":true,"href":"https:\/\/ultima-ora.com\/index.php?rest_route=%2Fwp%2Fv2%2Ftags&post=2315"}],"curies":[{"name":"wp","href":"https:\/\/api.w.org\/{rel}","templated":true}]}}