{"id":2327,"date":"2026-09-06T00:16:05","date_gmt":"2026-09-06T00:16:05","guid":{"rendered":"https:\/\/ultima-ora.com\/?p=2327"},"modified":"2026-09-06T00:16:05","modified_gmt":"2026-09-06T00:16:05","slug":"sarri-troppo-bassi-nel-finale","status":"publish","type":"post","link":"https:\/\/ultima-ora.com\/?p=2327","title":{"rendered":"SARRI: &#8220;TROPPO BASSI NEL FINALE&#8221;"},"content":{"rendered":"<p>&#8220;Una prestazione in cui c&#8217;\u00e8 stato bisogno di tanta sofferenza. In questo momento abbiamo affrontato la squadra pi\u00f9 forte, che credo si giocher\u00e0 il titolo fino alla fine. Sapevamo che fosse una partita difficile. Siamo stati accorti nel primo tempo, per\u00f2 nel finale della ripresa siamo rimasti troppo bassi. Ne usciamo comunque con la convinzione di aver messo in difficolt\u00e0 un&#8217;avversaria forte&#8221;. Lo dice Maurizio Sarri dopo la sconfitta per 2-1 contro la Roma.<br \/>\nSul mancato ingresso di Rowe: &#8220;Due giocatori non ce la facevano, abbiamo usato gli ultimi due cambi per loro&#8221;.<br \/>\n 260Altri Sport 299Brevi Sport<\/p>\n","protected":false},"excerpt":{"rendered":"<p>&#8220;Una prestazione in cui c&#8217;\u00e8 stato bisogno di tanta sofferenza. In questo momento abbiamo affrontato la squadra pi\u00f9 forte, che credo si giocher\u00e0 il titolo fino alla fine. Sapevamo che fosse una partita difficile. Siamo stati accorti nel primo tempo, per\u00f2 nel finale della ripresa siamo rimasti troppo bassi. Ne usciamo comunque con la convinzione [&hellip;]<\/p>\n","protected":false},"author":2,"featured_media":0,"comment_status":"closed","ping_status":"open","sticky":false,"template":"","format":"standard","meta":{"_jetpack_newsletter_access":"","_jetpack_dont_email_post_to_subs":false,"_jetpack_newsletter_tier_id":0,"_jetpack_memberships_contains_paywalled_content":false,"fifu_image_url":"","fifu_image_alt":"","_jetpack_feature_clip_id":0,"_jetpack_memberships_contains_paid_content":false,"footnotes":"","jetpack_publicize_message":"","jetpack_publicize_feature_enabled":true,"jetpack_social_post_already_shared":true,"jetpack_social_options":{"image_generator_settings":{"template":"highway","default_image_id":0,"font":"","enabled":false},"version":2},"jetpack_post_was_ever_published":false},"categories":[8],"tags":[9],"class_list":["post-2327","post","type-post","status-publish","format-standard","hentry","category-notizie-di-calcio","tag-calcio"],"jetpack_publicize_connections":[],"jetpack_sharing_enabled":true,"jetpack_likes_enabled":true,"jetpack_featured_media_url":"","_links":{"self":[{"href":"https:\/\/ultima-ora.com\/index.php?rest_route=\/wp\/v2\/posts\/2327","targetHints":{"allow":["GET"]}}],"collection":[{"href":"https:\/\/ultima-ora.com\/index.php?rest_route=\/wp\/v2\/posts"}],"about":[{"href":"https:\/\/ultima-ora.com\/index.php?rest_route=\/wp\/v2\/types\/post"}],"author":[{"embeddable":true,"href":"https:\/\/ultima-ora.com\/index.php?rest_route=\/wp\/v2\/users\/2"}],"replies":[{"embeddable":true,"href":"https:\/\/ultima-ora.com\/index.php?rest_route=%2Fwp%2Fv2%2Fcomments&post=2327"}],"version-history":[{"count":0,"href":"https:\/\/ultima-ora.com\/index.php?rest_route=\/wp\/v2\/posts\/2327\/revisions"}],"wp:attachment":[{"href":"https:\/\/ultima-ora.com\/index.php?rest_route=%2Fwp%2Fv2%2Fmedia&parent=2327"}],"wp:term":[{"taxonomy":"category","embeddable":true,"href":"https:\/\/ultima-ora.com\/index.php?rest_route=%2Fwp%2Fv2%2Fcategories&post=2327"},{"taxonomy":"post_tag","embeddable":true,"href":"https:\/\/ultima-ora.com\/index.php?rest_route=%2Fwp%2Fv2%2Ftags&post=2327"}],"curies":[{"name":"wp","href":"https:\/\/api.w.org\/{rel}","templated":true}]}}