{"id":2333,"date":"2026-09-06T08:06:06","date_gmt":"2026-09-06T08:06:06","guid":{"rendered":"https:\/\/ultima-ora.com\/?p=2333"},"modified":"2026-09-06T08:06:06","modified_gmt":"2026-09-06T08:06:06","slug":"sassonia-anhalt-al-voto-afd-punta-alla-prima-conquista-di-un-land","status":"publish","type":"post","link":"https:\/\/ultima-ora.com\/?p=2333","title":{"rendered":"Sassonia-Anhalt al voto, AFD punta alla prima conquista di un Land"},"content":{"rendered":"<p>BERLINO (GERMANIA) Ultima Ora \/ IPA -La Germania guarda alla Sassonia-Anhalt, dove oggi si vota per il rinnovo del parlamento regionale. L\u2019appuntamento \u00e8 particolarmente atteso perch\u00e9 Alternative fuer Deutschland (AfD), forza di estrema destra, \u00e8 largamente in testa nei sondaggi e punta a conquistare per la prima volta la guida di un governo regionale. L\u2019ultima rilevazione della Forschungsgruppe Wahlen, istituto tedesco specializzato in sondaggi elettorali e ricerca politica, attribuisce all\u2019AfD il 41% dei consensi, contro il 23% dell\u2019Unione cristiano-democratica (Cdu). Pi\u00f9 distanti la Linke, all\u201911,5%, il Partito socialdemocratico (Spd), all\u20198,5%, e i Verdi, al 6%. I numeri confermano una tendenza ormai consolidata durante la campagna elettorale: l\u2019AfD si mantiene oltre il 40%, con un vantaggio di circa venti punti sulla Cdu. Il candidato dell\u2019AfD, Ulrich Siegmund, punta a trasformare il consenso elettorale in potere esecutivo. Il partito ha impostato la campagna soprattutto sui temi dell\u2019immigrazione, della sicurezza e dell\u2019identit\u00e0 nazionale, oltre che sulla critica alle politiche del governo federale.<br \/>\nLa prospettiva di una vittoria dell\u2019AfD \u00e8 per\u00f2 accompagnata da un interrogativo decisivo, ovvero con quali alleati la forza di estrema destra potrebbe governare. I principali partiti tradizionali hanno escluso una coalizione.<br \/>\nAnche in caso di primo posto, dunque, l\u2019AfD potrebbe non riuscire a formare un governo. La distribuzione dei seggi sar\u00e0 determinante, cos\u00ec come il numero di forze che riusciranno a superare la soglia del 5%. La Cdu, guidata nel Land dal ministro-presidente Sven Schulze, potrebbe trovarsi davanti a un quadro complesso: una maggioranza alternativa all\u2019AfD potrebbe richiedere accordi politicamente difficili. Il voto rappresenta inoltre un test per il cancelliere Friedrich Merz e per la Cdu a livello nazionale. Un risultato superiore al 40% per l\u2019AfD sarebbe un nuovo segnale della forza della destra radicale, soprattutto nell\u2019ex Germania Est, dove il partito ha costruito negli ultimi anni una base elettorale particolarmente solida.<br \/>\nMerz ha avvertito che una vittoria dell\u2019AfD potrebbe avere conseguenze anche economiche, sostenendo che la presenza del partito al governo regionale potrebbe scoraggiare alcuni investimenti stranieri. Tra i temi che alimentano il consenso dell\u2019AfD nella regione c\u2019\u00e8 anche il rapporto con la Russia. In molte aree dell\u2019ex Germania orientale rimangono sensibilit\u00e0 diverse rispetto alla politica estera di Berlino e al sostegno all\u2019Ucraina. L\u2019AfD sostiene il ripristino dei rapporti con Mosca e la fine del sostegno tedesco a Kiev, posizioni che contrastano nettamente con la linea del governo federale. La posta in gioco, quindi, non riguarda soltanto la composizione del prossimo Landtag. Una vittoria dell\u2019AfD rappresenterebbe soprattutto una rottura politica e simbolica: il partito potrebbe arrivare per la prima volta alla guida di un Land tedesco e acquisire maggiore influenza anche nel Bundesrat. Per questo il risultato di Magdeburgo sar\u00e0 osservato attentamente a Berlino e nelle altre regioni dell\u2019ex Germania Est, dove nelle settimane successive sono previsti altri importanti appuntamenti elettorali.<br \/>\n-foto Ipa Agency  (Alice Weidel e Tino Chrupalla leader AFD) \u2013<br \/>\nUltima Ora \/ IPA.<\/p>\n","protected":false},"excerpt":{"rendered":"<p>BERLINO (GERMANIA) Ultima Ora \/ IPA -La Germania guarda alla Sassonia-Anhalt, dove oggi si vota per il rinnovo del parlamento regionale. L\u2019appuntamento \u00e8 particolarmente atteso perch\u00e9 Alternative fuer Deutschland (AfD), forza di estrema destra, \u00e8 largamente in testa nei sondaggi e punta a conquistare per la prima volta la guida di un governo regionale. L\u2019ultima [&hellip;]<\/p>\n","protected":false},"author":1,"featured_media":0,"comment_status":"closed","ping_status":"open","sticky":false,"template":"","format":"standard","meta":{"_jetpack_newsletter_access":"","_jetpack_dont_email_post_to_subs":false,"_jetpack_newsletter_tier_id":0,"_jetpack_memberships_contains_paywalled_content":false,"fifu_image_url":"","fifu_image_alt":"","_jetpack_feature_clip_id":0,"_jetpack_memberships_contains_paid_content":false,"footnotes":"","jetpack_publicize_message":"","jetpack_publicize_feature_enabled":true,"jetpack_social_post_already_shared":true,"jetpack_social_options":{"image_generator_settings":{"template":"highway","default_image_id":0,"font":"","enabled":false},"version":2},"jetpack_post_was_ever_published":false},"categories":[5],"tags":[14],"class_list":["post-2333","post","type-post","status-publish","format-standard","hentry","category-ultime-notizie","tag-ultime"],"jetpack_publicize_connections":[],"jetpack_sharing_enabled":true,"jetpack_likes_enabled":true,"jetpack_featured_media_url":"","_links":{"self":[{"href":"https:\/\/ultima-ora.com\/index.php?rest_route=\/wp\/v2\/posts\/2333","targetHints":{"allow":["GET"]}}],"collection":[{"href":"https:\/\/ultima-ora.com\/index.php?rest_route=\/wp\/v2\/posts"}],"about":[{"href":"https:\/\/ultima-ora.com\/index.php?rest_route=\/wp\/v2\/types\/post"}],"author":[{"embeddable":true,"href":"https:\/\/ultima-ora.com\/index.php?rest_route=\/wp\/v2\/users\/1"}],"replies":[{"embeddable":true,"href":"https:\/\/ultima-ora.com\/index.php?rest_route=%2Fwp%2Fv2%2Fcomments&post=2333"}],"version-history":[{"count":0,"href":"https:\/\/ultima-ora.com\/index.php?rest_route=\/wp\/v2\/posts\/2333\/revisions"}],"wp:attachment":[{"href":"https:\/\/ultima-ora.com\/index.php?rest_route=%2Fwp%2Fv2%2Fmedia&parent=2333"}],"wp:term":[{"taxonomy":"category","embeddable":true,"href":"https:\/\/ultima-ora.com\/index.php?rest_route=%2Fwp%2Fv2%2Fcategories&post=2333"},{"taxonomy":"post_tag","embeddable":true,"href":"https:\/\/ultima-ora.com\/index.php?rest_route=%2Fwp%2Fv2%2Ftags&post=2333"}],"curies":[{"name":"wp","href":"https:\/\/api.w.org\/{rel}","templated":true}]}}