{"id":2334,"date":"2026-09-06T08:11:04","date_gmt":"2026-09-06T08:11:04","guid":{"rendered":"https:\/\/ultima-ora.com\/?p=2334"},"modified":"2026-09-06T08:11:04","modified_gmt":"2026-09-06T08:11:04","slug":"come-evitare-i-malanni-di-settembre-le-10-regole-doro-contro-gli-sbalzi-termici","status":"publish","type":"post","link":"https:\/\/ultima-ora.com\/?p=2334","title":{"rendered":"Come evitare i malanni di settembre? Le 10 regole d&#8217;oro contro gli sbalzi termici"},"content":{"rendered":"<p>Ultima Ora &#8211; Caldo quasi estivo durante il giorno, temperature pi\u00f9 fresche al mattino e alla sera, aria condizionata ancora accesa e ritorno in uffici, scuole e mezzi pubblici. Settembre \u00e8 il mese degli sbalzi termici e dei primi &#8216;malanni da rientro&#8217;, con raffreddore, mal di gola, tosse e sindromi respiratorie che tornano progressivamente a farsi sentire. Non \u00e8 il colpo d&#8217;aria a trasmetterci raffreddore o influenza: servono i virus. Ma gli sbalzi di temperatura possono interferire con i normali meccanismi di difesa delle vie respiratorie e, soprattutto, il ritorno alla vita in ambienti chiusi aumenta le occasioni di contagio. \u00e8 la combinazione di questi fattori a rendere settembre un periodo particolare&#8221;.<br \/>\nLo spiega, in una nota, Fabrizio Pregliasco, direttore della Scuola di specializzazione in Igiene e Medicina preventiva dell&#8217;Universit\u00e0 degli Studi di Milano Statale, past president di Anpas e vicepresidente di Samaritan International, in vista della fine del caldo africano mercoledi&#8217; 9 settembre. &#8220;Niente allarmismi, dunque, ma neppure l&#8217;errore di considerare settembre ancora piena estate. Il consiglio \u00e8 accompagnare gradualmente l&#8217;organismo verso la nuova stagione. Non servono integratori o prodotti miracolosi: contano molto di pi\u00f9 alcuni semplici comportamenti quotidiani.<br \/>\nIl decalogo salva-autunno di Fabrizio Pregliasco<\/p>\n<p> 1. Vestirsi a cipolla. Pi\u00f9 strati leggeri permettono di adattarsi rapidamente alle differenze di temperatura tra mattino, pomeriggio e sera.<br \/>\n 2. Occhio all&#8217;aria condizionata. Evitare ambienti eccessivamente freddi e bruschi passaggi dal caldo esterno a temperature molto basse.<br \/>\n 3. Bere anche quando fa meno caldo. Con temperature pi\u00f9 miti diminuisce lo stimolo della sete, ma l&#8217;idratazione resta importante, soprattutto per bambini e anziani.<br \/>\n 4. Finestre aperte, quando possibile. Il ricambio d&#8217;aria in casa, a scuola e negli uffici riduce la concentrazione degli agenti infettivi negli ambienti chiusi.<br \/>\n 5. Mani pulite. Lavarsi frequentemente le mani resta una delle difese pi\u00f9 semplici contro numerose infezioni respiratorie e gastrointestinali.<\/p>\n<p>Prevenzione, stile di vita e stagione vaccinale<\/p>\n<p> 6. Raffreddati? Proteggiamo gli altri. Con febbre, tosse o sintomi respiratori importanti meglio evitare contatti ravvicinati con anziani e persone fragili. Se sintomatici e in luoghi affollati, la mascherina rimane una precauzione utile.<br \/>\n 7. Rimettere in ordine l&#8217;orologio biologico. Dopo le vacanze \u00e8 bene recuperare progressivamente orari regolari per sonno e pasti: dormire adeguatamente fa parte della prevenzione.<br \/>\n 8. Sport si&#8217;, ma senza strafare. Dopo una pausa, meglio aumentare progressivamente durata e intensit\u00e0 dell&#8217;attivit\u00e0 fisica invece di voler recuperare tutto in pochi giorni.<br \/>\n 9. Prepararsi alla stagione vaccinale. Per anziani, fragili e categorie per cui sono raccomandate, questo \u00e8 il momento di cominciare a programmare con il proprio medico le vaccinazioni previste per l&#8217;autunno-inverno, in particolare contro influenza e Covid-19.<br \/>\n 10. Antibiotici non &#8220;per sicurezza&#8221;. Raffreddore e gran parte delle sindromi respiratorie sono causati da virus. Gli antibiotici non prevengono le complicanze virali e devono essere utilizzati solo quando prescritti.<\/p>\n<p>La parola d&#8217;ordine per settembre \u00e8 adattamento. Il nostro organismo deve passare dall&#8217;estate all&#8217;autunno, ma devono cambiare anche le nostre abitudini. Pochi accorgimenti possono aiutarci ad affrontare meglio il ritorno alla normalit\u00e0 e, soprattutto, a proteggere chi \u00e8 pi\u00f9 fragile&#8221;, conclude Pregliasco.<\/p>\n","protected":false},"excerpt":{"rendered":"<p>Ultima Ora &#8211; Caldo quasi estivo durante il giorno, temperature pi\u00f9 fresche al mattino e alla sera, aria condizionata ancora accesa e ritorno in uffici, scuole e mezzi pubblici. Settembre \u00e8 il mese degli sbalzi termici e dei primi &#8216;malanni da rientro&#8217;, con raffreddore, mal di gola, tosse e sindromi respiratorie che tornano progressivamente a [&hellip;]<\/p>\n","protected":false},"author":2,"featured_media":0,"comment_status":"closed","ping_status":"open","sticky":false,"template":"","format":"standard","meta":{"_jetpack_newsletter_access":"","_jetpack_dont_email_post_to_subs":false,"_jetpack_newsletter_tier_id":0,"_jetpack_memberships_contains_paywalled_content":false,"fifu_image_url":"","fifu_image_alt":"","_jetpack_feature_clip_id":0,"_jetpack_memberships_contains_paid_content":false,"footnotes":"","jetpack_publicize_message":"","jetpack_publicize_feature_enabled":true,"jetpack_social_post_already_shared":true,"jetpack_social_options":{"image_generator_settings":{"template":"highway","default_image_id":0,"font":"","enabled":false},"version":2},"jetpack_post_was_ever_published":false},"categories":[7],"tags":[16],"class_list":["post-2334","post","type-post","status-publish","format-standard","hentry","category-notizie-italia","tag-italia"],"jetpack_publicize_connections":[],"jetpack_sharing_enabled":true,"jetpack_likes_enabled":true,"jetpack_featured_media_url":"","_links":{"self":[{"href":"https:\/\/ultima-ora.com\/index.php?rest_route=\/wp\/v2\/posts\/2334","targetHints":{"allow":["GET"]}}],"collection":[{"href":"https:\/\/ultima-ora.com\/index.php?rest_route=\/wp\/v2\/posts"}],"about":[{"href":"https:\/\/ultima-ora.com\/index.php?rest_route=\/wp\/v2\/types\/post"}],"author":[{"embeddable":true,"href":"https:\/\/ultima-ora.com\/index.php?rest_route=\/wp\/v2\/users\/2"}],"replies":[{"embeddable":true,"href":"https:\/\/ultima-ora.com\/index.php?rest_route=%2Fwp%2Fv2%2Fcomments&post=2334"}],"version-history":[{"count":0,"href":"https:\/\/ultima-ora.com\/index.php?rest_route=\/wp\/v2\/posts\/2334\/revisions"}],"wp:attachment":[{"href":"https:\/\/ultima-ora.com\/index.php?rest_route=%2Fwp%2Fv2%2Fmedia&parent=2334"}],"wp:term":[{"taxonomy":"category","embeddable":true,"href":"https:\/\/ultima-ora.com\/index.php?rest_route=%2Fwp%2Fv2%2Fcategories&post=2334"},{"taxonomy":"post_tag","embeddable":true,"href":"https:\/\/ultima-ora.com\/index.php?rest_route=%2Fwp%2Fv2%2Ftags&post=2334"}],"curies":[{"name":"wp","href":"https:\/\/api.w.org\/{rel}","templated":true}]}}