{"id":2344,"date":"2026-09-06T10:06:05","date_gmt":"2026-09-06T10:06:05","guid":{"rendered":"https:\/\/ultima-ora.com\/?p=2344"},"modified":"2026-09-06T10:06:05","modified_gmt":"2026-09-06T10:06:05","slug":"schlein-basta-disfattismo-su-ue-serve-salto-in-avanti-sullintegrazione","status":"publish","type":"post","link":"https:\/\/ultima-ora.com\/?p=2344","title":{"rendered":"Schlein \u201cBasta disfattismo su Ue, serve salto in avanti sull\u2019integrazione\u201d"},"content":{"rendered":"<p>CERNOBBIO Ultima Ora \/ IPA \u2013 \u201cSono d\u2019accordo con quanto detto da De Molli in apertura: basta disfattismo sull\u2019Europa. L\u2019Europa con tutti i suoi limiti e difetti \u00e8 il miglior antidoto nell\u2019essere un modello cooperativo e democratico, \u00e8 il miglior antidoto per non finire schiacciati da questo smantellamento del multilateralismo che vuol dire pure passare alla legge del pi\u00f9 ricco e del pi\u00f9 forte\u201d. Lo ha detto la segretaria del Pd Elly Schlein, intervenendo al panel dedicato alle opposizioni al Forum Teha di Cernobbio.<br \/>\n\u201cE credo di dire una cosa piuttosto banale se sottolineo che non siamo noi il pi\u00f9 ricco e il pi\u00f9 forte \u2013 prosegue la segretaria -. Allora, quello che voglio dire, come spesso ci ricorda il Presidente della Repubblica Mattarella, \u00e8 che noi abbiamo bisogno di un salto in avanti dell\u2019integrazione europea\u201d. \u201cSe prima era un tema che appassionava alcuni di noi, come me, una federalista europea convinta, oggi non \u00e8 pi\u00f9 un dibattito per addetti ai lavori, \u00e8 una questione di sopravvivenza dell\u2019Unione Europea in un quadro geopolitico cos\u00ec profondamente mutato\u201d, conclude.<br \/>\n-foto Ipa Agency-<br \/>\nUltima Ora \/ IPA.<\/p>\n","protected":false},"excerpt":{"rendered":"<p>CERNOBBIO Ultima Ora \/ IPA \u2013 \u201cSono d\u2019accordo con quanto detto da De Molli in apertura: basta disfattismo sull\u2019Europa. L\u2019Europa con tutti i suoi limiti e difetti \u00e8 il miglior antidoto nell\u2019essere un modello cooperativo e democratico, \u00e8 il miglior antidoto per non finire schiacciati da questo smantellamento del multilateralismo che vuol dire pure passare [&hellip;]<\/p>\n","protected":false},"author":1,"featured_media":0,"comment_status":"closed","ping_status":"open","sticky":false,"template":"","format":"standard","meta":{"_jetpack_newsletter_access":"","_jetpack_dont_email_post_to_subs":false,"_jetpack_newsletter_tier_id":0,"_jetpack_memberships_contains_paywalled_content":false,"fifu_image_url":"","fifu_image_alt":"","_jetpack_feature_clip_id":0,"_jetpack_memberships_contains_paid_content":false,"footnotes":"","jetpack_publicize_message":"","jetpack_publicize_feature_enabled":true,"jetpack_social_post_already_shared":true,"jetpack_social_options":{"image_generator_settings":{"template":"highway","default_image_id":0,"font":"","enabled":false},"version":2},"jetpack_post_was_ever_published":false},"categories":[5],"tags":[14],"class_list":["post-2344","post","type-post","status-publish","format-standard","hentry","category-ultime-notizie","tag-ultime"],"jetpack_publicize_connections":[],"jetpack_sharing_enabled":true,"jetpack_likes_enabled":true,"jetpack_featured_media_url":"","_links":{"self":[{"href":"https:\/\/ultima-ora.com\/index.php?rest_route=\/wp\/v2\/posts\/2344","targetHints":{"allow":["GET"]}}],"collection":[{"href":"https:\/\/ultima-ora.com\/index.php?rest_route=\/wp\/v2\/posts"}],"about":[{"href":"https:\/\/ultima-ora.com\/index.php?rest_route=\/wp\/v2\/types\/post"}],"author":[{"embeddable":true,"href":"https:\/\/ultima-ora.com\/index.php?rest_route=\/wp\/v2\/users\/1"}],"replies":[{"embeddable":true,"href":"https:\/\/ultima-ora.com\/index.php?rest_route=%2Fwp%2Fv2%2Fcomments&post=2344"}],"version-history":[{"count":0,"href":"https:\/\/ultima-ora.com\/index.php?rest_route=\/wp\/v2\/posts\/2344\/revisions"}],"wp:attachment":[{"href":"https:\/\/ultima-ora.com\/index.php?rest_route=%2Fwp%2Fv2%2Fmedia&parent=2344"}],"wp:term":[{"taxonomy":"category","embeddable":true,"href":"https:\/\/ultima-ora.com\/index.php?rest_route=%2Fwp%2Fv2%2Fcategories&post=2344"},{"taxonomy":"post_tag","embeddable":true,"href":"https:\/\/ultima-ora.com\/index.php?rest_route=%2Fwp%2Fv2%2Ftags&post=2344"}],"curies":[{"name":"wp","href":"https:\/\/api.w.org\/{rel}","templated":true}]}}